{"id":10575,"date":"2020-04-01T18:23:22","date_gmt":"2020-04-02T00:23:22","guid":{"rendered":"http:\/\/www.zonaroja.com.mx\/?p=10575"},"modified":"2020-04-01T18:23:27","modified_gmt":"2020-04-02T00:23:27","slug":"que-nuevo-titular-de-sso-sea-de-oaxaca-y-persona-capaz-horacio-sosa","status":"publish","type":"post","link":"https:\/\/zonaroja.com.mx\/?p=10575","title":{"rendered":"Que nuevo titular de SSO sea de Oaxaca y persona capaz: Horacio Sosa"},"content":{"rendered":"\n<p>Redacci\u00f3n\/Zona Roja.<\/p>\n\n\n\n<p>Oaxaca de Ju\u00e1rez, Oax., 1 de abril de\n2020.- Ante el posible relevo en la titularidad de los Servicios de Salud de la\nentidad (SSO), el coordinador del grupo parlamentario de Morena en la 64\nLegislatura, Horacio Sosa Villavicencio, demand\u00f3 al gobernador Alejandro Murat\ngarantizar que quien llegue a ese puesto, sea una persona de Oaxaca, con\ncapacidad y con conocimiento probado en la materia.<\/p>\n\n\n\n<p>El tambi\u00e9n presidente de la Junta de\nCoordinaci\u00f3n Pol\u00edtica del Congreso del Estado, se\u00f1al\u00f3 la necesidad de que la dependencia\nest\u00e9 encabezada por una persona experta, a fin de que los oaxaque\u00f1os tengan\nayuda real para enfrentar la actual emergencia sanitaria derivada de la\nepidemia causada por el virus de Covid-19.<\/p>\n\n\n\n<p>Con la decisi\u00f3n del nuevo nombramiento\n\u201cest\u00e1 en juego la vida de los oaxaque\u00f1os\u201d, se\u00f1al\u00f3 el diputado local, por lo que\nconsider\u00f3 de la m\u00e1xima importancia valorar detenidamente las capacidades y los\nconocimientos de quien ocupar\u00e1 el cargo, pues el c\u00f3mo se aborde la emergencia\npor la epidemia determinar\u00e1 tambi\u00e9n la gravedad de los impactos econ\u00f3micos,\nsociales y humanos de la actual contingencia.<\/p>\n\n\n\n<p>Record\u00f3 que, constitucionalmente, el\nPoder Ejecutivo del estado recae exclusivamente en la persona del gobernador,\npor lo cual las acciones u omisiones de su gabinete son finalmente\nresponsabilidad del propio mandatario: <\/p>\n\n\n\n<p>\u201cDebe razonar muy bien su decisi\u00f3n;\nporque lo que haga o deje de hacer su secretario de Salud en esta emergencia,\nfinalmente se lo demandaremos o se lo reconoceremos al propio gobernador\u201d,\ndijo.<\/p>\n\n\n\n<p>Pidi\u00f3, finalmente, tomar esa decisi\u00f3n\ncon la gravedad que merece el asunto, pues \u201cno estamos para experimentar o\nformar gente jugando con la vida de los oaxaque\u00f1os\u201d.<\/p>\n","protected":false},"excerpt":{"rendered":"<p>Redacci\u00f3n\/Zona Roja. Oaxaca de Ju\u00e1rez, Oax., 1 de abril de 2020.- Ante el posible relevo&hellip;<\/p>\n","protected":false},"author":2,"featured_media":10576,"comment_status":"closed","ping_status":"open","sticky":false,"template":"","format":"standard","meta":{"_lmt_disableupdate":"","_lmt_disable":"","_jetpack_memberships_contains_paid_content":false,"footnotes":""},"categories":[109,46],"tags":[444],"class_list":["post-10575","post","type-post","status-publish","format-standard","has-post-thumbnail","hentry","category-minuto-a-minuto","category-zona-blanca","tag-horacio-sosa-villavicencio"],"jetpack_featured_media_url":"https:\/\/zonaroja.com.mx\/wp-content\/uploads\/2020\/04\/IMG_7458.png","jetpack_sharing_enabled":true,"_links":{"self":[{"href":"https:\/\/zonaroja.com.mx\/index.php?rest_route=\/wp\/v2\/posts\/10575","targetHints":{"allow":["GET"]}}],"collection":[{"href":"https:\/\/zonaroja.com.mx\/index.php?rest_route=\/wp\/v2\/posts"}],"about":[{"href":"https:\/\/zonaroja.com.mx\/index.php?rest_route=\/wp\/v2\/types\/post"}],"author":[{"embeddable":true,"href":"https:\/\/zonaroja.com.mx\/index.php?rest_route=\/wp\/v2\/users\/2"}],"replies":[{"embeddable":true,"href":"https:\/\/zonaroja.com.mx\/index.php?rest_route=%2Fwp%2Fv2%2Fcomments&post=10575"}],"version-history":[{"count":1,"href":"https:\/\/zonaroja.com.mx\/index.php?rest_route=\/wp\/v2\/posts\/10575\/revisions"}],"predecessor-version":[{"id":10577,"href":"https:\/\/zonaroja.com.mx\/index.php?rest_route=\/wp\/v2\/posts\/10575\/revisions\/10577"}],"wp:featuredmedia":[{"embeddable":true,"href":"https:\/\/zonaroja.com.mx\/index.php?rest_route=\/wp\/v2\/media\/10576"}],"wp:attachment":[{"href":"https:\/\/zonaroja.com.mx\/index.php?rest_route=%2Fwp%2Fv2%2Fmedia&parent=10575"}],"wp:term":[{"taxonomy":"category","embeddable":true,"href":"https:\/\/zonaroja.com.mx\/index.php?rest_route=%2Fwp%2Fv2%2Fcategories&post=10575"},{"taxonomy":"post_tag","embeddable":true,"href":"https:\/\/zonaroja.com.mx\/index.php?rest_route=%2Fwp%2Fv2%2Ftags&post=10575"}],"curies":[{"name":"wp","href":"https:\/\/api.w.org\/{rel}","templated":true}]}}