{"id":10585,"date":"2020-04-01T22:15:28","date_gmt":"2020-04-02T04:15:28","guid":{"rendered":"http:\/\/www.zonaroja.com.mx\/?p=10585"},"modified":"2020-04-01T22:15:32","modified_gmt":"2020-04-02T04:15:32","slug":"hace-sspo-labor-de-fiscalia-y-detiene-a-presunto-implicado-del-caso-maria-elena","status":"publish","type":"post","link":"https:\/\/zonaroja.com.mx\/?p=10585","title":{"rendered":"Hace SSPO labor de Fiscal\u00eda y detiene a presunto implicado del caso Mar\u00eda Elena"},"content":{"rendered":"\n<p>Redacci\u00f3n\/Zona Roja.<\/p>\n\n\n\n<p>Oaxaca de Ju\u00e1rez, Oax., 1 de abril de\n2020.- No obstante la supuesta b\u00fasqueda que realiza la Fiscal\u00eda General del\nEstado, fueron elementos de la Polic\u00eda Estatal de Oaxaca quienes detuvieron hoy\nal tercer probable implicado en la agresi\u00f3n a la saxofonista Mar\u00eda Elena R\u00edos.<\/p>\n\n\n\n<p>Se trata de Rub\u00e9n L. Ch., alias el \u201cCharrez\u201d,\npresunto autor intelectual del ataque a la joven y quien habr\u00eda recibido\n\u00f3rdenes de Juan Vera Carrizal y su hijo Juan Vera Hern\u00e1ndez, estos \u00faltimos\npr\u00f3fugos de la justicia.<\/p>\n\n\n\n<p>Rub\u00e9n fue detenido la tarde de este\nmi\u00e9rcoles en un puesto de revisi\u00f3n policial, por personal de la Secretar\u00eda de\nSeguridad P\u00fablica de Oaxaca. <\/p>\n\n\n\n<p>Seg\u00fan fuentes de esa dependencia, al\nrevisarlo, mostr\u00f3 nerviosismo, por lo cual se revis\u00f3 la base de datos policial\ny se hall\u00f3 en las fichas de b\u00fasqueda; posteriormente fue puesto a disposici\u00f3n\nde la Fiscal\u00eda General del Estado.<\/p>\n\n\n\n<p>Por el caso de Mar\u00eda Elena, agredida con \u00e1cido el pasado 9 de septiembre, hay dos personas detenidas, acusadas de ser los autores materiales, aunque a\u00fan no han sido sentenciadas.<\/p>\n","protected":false},"excerpt":{"rendered":"<p>Redacci\u00f3n\/Zona Roja. Oaxaca de Ju\u00e1rez, Oax., 1 de abril de 2020.- No obstante la supuesta&hellip;<\/p>\n","protected":false},"author":2,"featured_media":10586,"comment_status":"closed","ping_status":"open","sticky":false,"template":"","format":"standard","meta":{"_lmt_disableupdate":"","_lmt_disable":"","_jetpack_memberships_contains_paid_content":false,"footnotes":""},"categories":[109,47],"tags":[1124],"class_list":["post-10585","post","type-post","status-publish","format-standard","has-post-thumbnail","hentry","category-minuto-a-minuto","category-zona-gris","tag-maria-elena-rios-ortiz"],"jetpack_featured_media_url":"https:\/\/zonaroja.com.mx\/wp-content\/uploads\/2020\/04\/Detenido-caso-Mar\u00eda-Elena.jpg","jetpack_sharing_enabled":true,"_links":{"self":[{"href":"https:\/\/zonaroja.com.mx\/index.php?rest_route=\/wp\/v2\/posts\/10585","targetHints":{"allow":["GET"]}}],"collection":[{"href":"https:\/\/zonaroja.com.mx\/index.php?rest_route=\/wp\/v2\/posts"}],"about":[{"href":"https:\/\/zonaroja.com.mx\/index.php?rest_route=\/wp\/v2\/types\/post"}],"author":[{"embeddable":true,"href":"https:\/\/zonaroja.com.mx\/index.php?rest_route=\/wp\/v2\/users\/2"}],"replies":[{"embeddable":true,"href":"https:\/\/zonaroja.com.mx\/index.php?rest_route=%2Fwp%2Fv2%2Fcomments&post=10585"}],"version-history":[{"count":1,"href":"https:\/\/zonaroja.com.mx\/index.php?rest_route=\/wp\/v2\/posts\/10585\/revisions"}],"predecessor-version":[{"id":10587,"href":"https:\/\/zonaroja.com.mx\/index.php?rest_route=\/wp\/v2\/posts\/10585\/revisions\/10587"}],"wp:featuredmedia":[{"embeddable":true,"href":"https:\/\/zonaroja.com.mx\/index.php?rest_route=\/wp\/v2\/media\/10586"}],"wp:attachment":[{"href":"https:\/\/zonaroja.com.mx\/index.php?rest_route=%2Fwp%2Fv2%2Fmedia&parent=10585"}],"wp:term":[{"taxonomy":"category","embeddable":true,"href":"https:\/\/zonaroja.com.mx\/index.php?rest_route=%2Fwp%2Fv2%2Fcategories&post=10585"},{"taxonomy":"post_tag","embeddable":true,"href":"https:\/\/zonaroja.com.mx\/index.php?rest_route=%2Fwp%2Fv2%2Ftags&post=10585"}],"curies":[{"name":"wp","href":"https:\/\/api.w.org\/{rel}","templated":true}]}}