{"id":10595,"date":"2020-04-02T09:01:31","date_gmt":"2020-04-02T15:01:31","guid":{"rendered":"http:\/\/www.zonaroja.com.mx\/?p=10595"},"modified":"2020-04-02T09:10:23","modified_gmt":"2020-04-02T15:10:23","slug":"advierte-la-oms-sobre-una-rapida-escalada-del-virus-se-duplican-decesos","status":"publish","type":"post","link":"https:\/\/zonaroja.com.mx\/?p=10595","title":{"rendered":"Advierte la OMS sobre una r\u00e1pida escalada del virus; se duplican decesos"},"content":{"rendered":"\n<p>Redacci\u00f3n\/Zona Roja Cdmx.<\/p>\n\n\n\n<p>Ciudad de M\u00e9xico, 2 de abril de 2020.- El\nn\u00famero de decesos por el Covid-19 se duplic\u00f3 en el mundo en una semana, alert\u00f3\nayer el director de la Organizaci\u00f3n Mundial de la Salud (OMS), el et\u00edope Tedros\nAdhanom Ghebreyesus.<\/p>\n\n\n\n<p>El funcionario teme una r\u00e1pida escalada\nde la pandemia cuando a escala global se registran m\u00e1s de 46 mil decesos y m\u00e1s\nde 932 mil personas infectadas.<\/p>\n\n\n\n<p>En los pr\u00f3ximos d\u00edas se llegar\u00e1 al\nmill\u00f3n de casos y 50 mil muertos, advirti\u00f3 en conferencia de prensa. \u201cCuando\nentramos en el cuarto mes de pandemia, estoy profundamente preocupado por la\nescalada r\u00e1pida y la propagaci\u00f3n mundial de infecciones\u201d, afirm\u00f3.<\/p>\n\n\n\n<p>Explic\u00f3 que en cinco semanas se vio un\ncrecimiento casi exponencial de nuevos contagios. \u201cSe trata de la primera\npandemia provocada por un coronavirus y su comportamiento no es muy conocido.\nTenemos que estar unidos para combatirlo\u201d.<\/p>\n\n\n\n<p>A escala global hay 932 mil 605\ncontagios, 46 mil 809 muertos (75 por ciento en Europa) y 193 mil 117\nrecuperados, indic\u00f3 el conteo de la Universidad Johns Hopkins.<\/p>\n\n\n\n<p>Los servicios de inteligencia de\nEstados Unidos concluyen, en un informe clasificado, que China, donde surgi\u00f3 el\nbrote en diciembre pasado, oculta el alcance de la pandemia y que las cifras\nbrindadas son superiores a las que report\u00f3: 3 mil 316 muertos y 82 mil 361\ncontagios, seg\u00fan dijeron fuentes an\u00f3nimas a la agencia de noticias Bloomberg.<\/p>\n\n\n\n<p>En inusual comunicado, Tedros, junto\ncon sus pares de la Organizaci\u00f3n de las Naciones Unidas para la Agricultura y\nla Alimentaci\u00f3n, el chino Qu Dongyu, y de la Organizaci\u00f3n Mundial del Comercio,\nel brasile\u00f1o Roberto Azevedo, advirtieron del riesgo de penuria alimentaria por\nlos impactos del Covid-19.<\/p>\n\n\n\n<p>En tanto, el Alto Comisionado de la\nOrganizaci\u00f3n de Naciones Unidas para los Derechos Humanos, la Organizaci\u00f3n\nInternacional para las Migraciones, el Alto Comisionado de Naciones Unidas para\nlos Refugiados y la OMS abogaron por proteger los derechos y la salud de\nrefugiados, migrantes y personas ap\u00e1tridas.<\/p>\n\n\n\n<p>AUMENTAN CASOS<\/p>\n\n\n\n<p>Dos meses despu\u00e9s de la detecci\u00f3n de\nlos primeros casos, Europa enfrenta el colapso de los servicios sanitarios de\ncuidados intensivos, que est\u00e1n al l\u00edmite de sus capacidades. <\/p>\n\n\n\n<p>En el continente, con 30 mil 63 decesos\ny 458 mil 601 infectados, los gobiernos intentan reducir estas cifras con\nmedidas desesperadas, como los rigurosos confinamientos.<\/p>\n\n\n\n<p>Treinta y seis pacientes fueron\ntrasladados de Par\u00eds a Breta\u00f1a, en el noroeste de Francia, con el fin de que\ncontin\u00faen su tratamiento, mientras la capital enfrenta una creciente falta de\ncapacidad para atender a los enfermos.<\/p>\n\n\n\n<p>Adem\u00e1s de Par\u00eds, en las ciudades de\nB\u00e9rgamo, Bruselas, Alcorc\u00f3n y Berl\u00edn, enfermeras, basureros, repartidores y\ncajeras contin\u00faan con sus actividades expuestos al contagio.<\/p>\n\n\n\n<p>En Italia, el pa\u00eds m\u00e1s afectado de Europa,\ncon 13 mil 115 muertos y 110 mil 574 infectados, las personas que han logrado\ncurarse salen de los hospitales entre aplausos. Pero m\u00e9dicos y autoridades\ntemen que los convalecientes, que a\u00fan pudieran dar positivo a Covid-19, se\nconviertan en bombas virales.<\/p>\n\n\n\n<p>Reino Unido anunci\u00f3 que aplazar\u00e1 para\n2021 la Cumbre Clim\u00e1tica de la ONU, programada para noviembre, en Glasgow.<\/p>\n\n\n\n<p>Alemania, con 920 decesos y 77 mil 872\ncontagios, prev\u00e9 que su actividad econ\u00f3mica disminuir\u00e1 5 por ciento este a\u00f1o.<\/p>\n\n\n\n<p>En Ecuador, la\nindignaci\u00f3n crece en la ciudad m\u00e1s poblada de Ecuador, el puerto de Guayaquil,\ndonde los familiares de personas muertas por el coronavirus u otras\nenfermedades denuncian tiempos de espera de hasta cuatro d\u00edas para que los\ncuerpos sean retirados de sus casas, mientras las funerarias han colapsado en\nesta ciudad y en todo el pa\u00eds.<\/p>\n\n\n\n<p>Al menos 93\npersonas han muerto por el Covid-19 en Ecuador y se han registrado unos 2mil\n748 contagios, de acuerdo con el conteo de la Universidad Johns Hopkins.<\/p>\n","protected":false},"excerpt":{"rendered":"<p>Redacci\u00f3n\/Zona Roja Cdmx. Ciudad de M\u00e9xico, 2 de abril de 2020.- El n\u00famero de decesos&hellip;<\/p>\n","protected":false},"author":2,"featured_media":10597,"comment_status":"closed","ping_status":"open","sticky":false,"template":"","format":"standard","meta":{"_lmt_disableupdate":"","_lmt_disable":"","_jetpack_memberships_contains_paid_content":false,"footnotes":""},"categories":[109,47],"tags":[1510],"class_list":["post-10595","post","type-post","status-publish","format-standard","has-post-thumbnail","hentry","category-minuto-a-minuto","category-zona-gris","tag-coronavirus-pandemia-global"],"jetpack_featured_media_url":"https:\/\/zonaroja.com.mx\/wp-content\/uploads\/2020\/04\/img_6792.jpg","jetpack_sharing_enabled":true,"_links":{"self":[{"href":"https:\/\/zonaroja.com.mx\/index.php?rest_route=\/wp\/v2\/posts\/10595","targetHints":{"allow":["GET"]}}],"collection":[{"href":"https:\/\/zonaroja.com.mx\/index.php?rest_route=\/wp\/v2\/posts"}],"about":[{"href":"https:\/\/zonaroja.com.mx\/index.php?rest_route=\/wp\/v2\/types\/post"}],"author":[{"embeddable":true,"href":"https:\/\/zonaroja.com.mx\/index.php?rest_route=\/wp\/v2\/users\/2"}],"replies":[{"embeddable":true,"href":"https:\/\/zonaroja.com.mx\/index.php?rest_route=%2Fwp%2Fv2%2Fcomments&post=10595"}],"version-history":[{"count":1,"href":"https:\/\/zonaroja.com.mx\/index.php?rest_route=\/wp\/v2\/posts\/10595\/revisions"}],"predecessor-version":[{"id":10596,"href":"https:\/\/zonaroja.com.mx\/index.php?rest_route=\/wp\/v2\/posts\/10595\/revisions\/10596"}],"wp:featuredmedia":[{"embeddable":true,"href":"https:\/\/zonaroja.com.mx\/index.php?rest_route=\/wp\/v2\/media\/10597"}],"wp:attachment":[{"href":"https:\/\/zonaroja.com.mx\/index.php?rest_route=%2Fwp%2Fv2%2Fmedia&parent=10595"}],"wp:term":[{"taxonomy":"category","embeddable":true,"href":"https:\/\/zonaroja.com.mx\/index.php?rest_route=%2Fwp%2Fv2%2Fcategories&post=10595"},{"taxonomy":"post_tag","embeddable":true,"href":"https:\/\/zonaroja.com.mx\/index.php?rest_route=%2Fwp%2Fv2%2Ftags&post=10595"}],"curies":[{"name":"wp","href":"https:\/\/api.w.org\/{rel}","templated":true}]}}