{"id":10601,"date":"2020-04-02T10:53:03","date_gmt":"2020-04-02T16:53:03","guid":{"rendered":"http:\/\/www.zonaroja.com.mx\/?p=10601"},"modified":"2020-04-02T10:53:43","modified_gmt":"2020-04-02T16:53:43","slug":"impulsa-pje-de-oaxaca-justicia-alternativa-con-enfoque-humano","status":"publish","type":"post","link":"https:\/\/zonaroja.com.mx\/?p=10601","title":{"rendered":"Impulsa PJE de Oaxaca justicia alternativa con enfoque humano"},"content":{"rendered":"\n<p>Redacci\u00f3n\/Zona Roja.<\/p>\n\n\n\n<p>Oaxaca de Ju\u00e1rez, Oax., 2 de abril de\n2020.- En M\u00e9xico y en Oaxaca, la Justicia Alternativa ha tenido gran apertura y\nefectividad dentro del sistema de administraci\u00f3n de justicia, con un enfoque\nhacia el ser humano como el elemento m\u00e1s importante y para la atenci\u00f3n de los\nconflictos de naturaleza civil, mercantil, familiar, penal y de justicia para\nadolescentes; entre particulares y para el desarrollo personal con el fin de\naportar a la armon\u00eda social.<\/p>\n\n\n\n<p>As\u00ed lo afirm\u00f3 la directora del Centro\nde Justicia Alternativa del Poder Judicial del Estado, Betzzaida Cruz Mendoza,\nal hablar de los mecanismos alternativos de soluci\u00f3n de controversias, como\nherramientas que los ciudadanos tienen a su alcance para resolver conflictos\nque empatan particularmente con algunos casos que se siguen en los juzgados.<\/p>\n\n\n\n<p>Los mecanismos alternativos como la\nmediaci\u00f3n y la conciliaci\u00f3n, dijo, ayudan tanto a las personas cuyos casos a\u00fan\nno han llegado a un juzgado, como a quienes se encuentran en procesos\njudiciales en materias espec\u00edficas como la familiar, civil y penal -a trav\u00e9s\ndel sistema acusatorio-, donde ya habi\u00e9ndose dictado un auto de vinculaci\u00f3n y\nprevia canalizaci\u00f3n del juez de control, se puedan resolver sin necesidad de\nllegar a la etapa de juicio.<\/p>\n\n\n\n<p>Explic\u00f3 que el Centro de Justicia\nAlternativa se rige por la Ley Estatal de Mediaci\u00f3n, lo que posibilita la\noportunidad para que la poblaci\u00f3n en general acuda a recibir asesor\u00eda del\npersonal, generar una adecuada comunicaci\u00f3n con la o las personas involucradas\ny poder as\u00ed, resolver sus diferencias de una manera pac\u00edfica.<\/p>\n\n\n\n<p>\u201cAdem\u00e1s, se seguir\u00e1 tejiendo una v\u00eda\ns\u00f3lida para que la impartici\u00f3n de esta justicia, atienda tambi\u00e9n aquellos casos\ndonde ya se est\u00e1 cumpliendo una sentencia, porque el hecho que se encuentren\nprivados de la libertad, no quiere decir que no puedan acceder a este\nprocedimiento alterno que les da la ley\u201d, destac\u00f3 la Directora del Centro de\nJusticia Alternativa.<\/p>\n\n\n\n<p>Dentro de los proyectos a impulsar\ndurante la administraci\u00f3n del titular del Poder Judicial, Magistrado Eduardo\nPinacho S\u00e1nchez, mencion\u00f3 que se fortalecer\u00e1 la operatividad de la mediaci\u00f3n\nescolar, ya que el trabajo de educaci\u00f3n en los ni\u00f1os y ni\u00f1as, les apoyar\u00e1 a\nformarse como adultos capaces de conciliar y resolver conflictos.<\/p>\n\n\n\n<p>Por otro lado, se realizar\u00e1 un trabajo\nconjunto con las autoridades municipales, para contribuir con los cabildos en\ntemas de capacitaci\u00f3n acerca de los mecanismos alternativos de soluci\u00f3n de\ncontroversias.<\/p>\n","protected":false},"excerpt":{"rendered":"<p>Redacci\u00f3n\/Zona Roja. Oaxaca de Ju\u00e1rez, Oax., 2 de abril de 2020.- En M\u00e9xico y en&hellip;<\/p>\n","protected":false},"author":2,"featured_media":10602,"comment_status":"closed","ping_status":"open","sticky":false,"template":"","format":"standard","meta":{"_lmt_disableupdate":"","_lmt_disable":"","_jetpack_memberships_contains_paid_content":false,"footnotes":""},"categories":[109,46],"tags":[1369],"class_list":["post-10601","post","type-post","status-publish","format-standard","has-post-thumbnail","hentry","category-minuto-a-minuto","category-zona-blanca","tag-tribunal-superior-de-justicia-de-oaxacatsejo"],"jetpack_featured_media_url":"https:\/\/zonaroja.com.mx\/wp-content\/uploads\/2020\/04\/2-1.jpg","jetpack_sharing_enabled":true,"_links":{"self":[{"href":"https:\/\/zonaroja.com.mx\/index.php?rest_route=\/wp\/v2\/posts\/10601","targetHints":{"allow":["GET"]}}],"collection":[{"href":"https:\/\/zonaroja.com.mx\/index.php?rest_route=\/wp\/v2\/posts"}],"about":[{"href":"https:\/\/zonaroja.com.mx\/index.php?rest_route=\/wp\/v2\/types\/post"}],"author":[{"embeddable":true,"href":"https:\/\/zonaroja.com.mx\/index.php?rest_route=\/wp\/v2\/users\/2"}],"replies":[{"embeddable":true,"href":"https:\/\/zonaroja.com.mx\/index.php?rest_route=%2Fwp%2Fv2%2Fcomments&post=10601"}],"version-history":[{"count":1,"href":"https:\/\/zonaroja.com.mx\/index.php?rest_route=\/wp\/v2\/posts\/10601\/revisions"}],"predecessor-version":[{"id":10603,"href":"https:\/\/zonaroja.com.mx\/index.php?rest_route=\/wp\/v2\/posts\/10601\/revisions\/10603"}],"wp:featuredmedia":[{"embeddable":true,"href":"https:\/\/zonaroja.com.mx\/index.php?rest_route=\/wp\/v2\/media\/10602"}],"wp:attachment":[{"href":"https:\/\/zonaroja.com.mx\/index.php?rest_route=%2Fwp%2Fv2%2Fmedia&parent=10601"}],"wp:term":[{"taxonomy":"category","embeddable":true,"href":"https:\/\/zonaroja.com.mx\/index.php?rest_route=%2Fwp%2Fv2%2Fcategories&post=10601"},{"taxonomy":"post_tag","embeddable":true,"href":"https:\/\/zonaroja.com.mx\/index.php?rest_route=%2Fwp%2Fv2%2Ftags&post=10601"}],"curies":[{"name":"wp","href":"https:\/\/api.w.org\/{rel}","templated":true}]}}