{"id":10606,"date":"2020-04-02T13:49:17","date_gmt":"2020-04-02T19:49:17","guid":{"rendered":"https:\/\/www.zonaroja.com.mx\/?p=10606"},"modified":"2020-04-02T17:01:39","modified_gmt":"2020-04-02T23:01:39","slug":"10606","status":"publish","type":"post","link":"https:\/\/zonaroja.com.mx\/?p=10606","title":{"rendered":"Ataque armado en Centro Hist\u00f3rico de Oaxaca; un herido y un detenido"},"content":{"rendered":"\n<p class=\"MsoNormal\"><\/p>\n\n\n\n<p class=\"MsoNormal\">Redacci\u00f3n\/ Zona Roja<\/p>\n\n\n\n<p class=\"MsoNormal\">Oaxaca de Ju\u00e1rez, Oax., 2 de abril de 2020.- La inseguridad no da tregua en la capital del estado, a pesar de la contingencia sanitaria. La ma\u00f1ana de <a href=\"\/\/2\">este jueves<\/a> un hombre fue atacado con disparos de arma de fuego en el Centro Hist\u00f3rico de la ciudad de Oaxaca.<\/p>\n\n\n\n<p class=\"MsoNormal\">De acuerdo con el reporte policial, el hecho violento se registr\u00f3 en la base de taxis for\u00e1neos que conducen al municipio de San Pablo Huixtepec, ubicado en la <a href=\"\/\/3\">calle de Zaragoza<\/a> en el primer cuadro del centro.<\/p>\n\n\n\n<figure class=\"wp-block-embed-twitter wp-block-embed is-type-rich is-provider-twitter\"><div class=\"wp-block-embed__wrapper\">\n<div class=\"twitter-tweet\"><blockquote class=\"twitter-tweet\" data-lang=\"es\"><p lang=\"es\" dir=\"ltr\"><a href=\"https:\/\/twitter.com\/hashtag\/OaxacaGris?src=hash&amp;ref_src=twsrc%5Etfw\">#OaxacaGris<\/a><br>Mientras edil de <a href=\"https:\/\/twitter.com\/MunicipioOaxaca?ref_src=twsrc%5Etfw\">@MunicipioOaxaca<\/a>, <a href=\"https:\/\/twitter.com\/oswaldogarciaj?ref_src=twsrc%5Etfw\">@oswaldogarciaj<\/a>, distrae a polic\u00edas para ahuyentar a gente por coronavirus, sigue violencia a la luz del d\u00eda. <br>Esta ma\u00f1ana fue atacado a balazos un individuo en un estacionamiento de la calle Zaragoza, centro de la capital de Oaxaca. <a href=\"https:\/\/t.co\/snuZCj0Vcp\">pic.twitter.com\/snuZCj0Vcp<\/a><\/p>&mdash; Zona Roja Oaxaca (@MexRoja) <a href=\"https:\/\/twitter.com\/MexRoja\/status\/1245762220740444161?ref_src=twsrc%5Etfw\">2 de abril de 2020<\/a><\/blockquote><\/div>\n<\/div><\/figure>\n\n\n\n<p class=\"MsoNormal\">En el lugar qued\u00f3 lesionado de gravedad un var\u00f3n, quien \u2013seg\u00fan los informes- abordar\u00eda uno de los taxis; por su estado delicado fue traslado por la Cruz Roja de urgencia para su atenci\u00f3n inmediata en un nosomio.<\/p>\n\n\n\n<p class=\"MsoNormal\">La Polic\u00eda Municipal inform\u00f3 que logr\u00f3 la detenci\u00f3n de un masculino identificado como Ra\u00fal N. por su probable responsabilidad en la agresi\u00f3n con un arma de 9mm, la cual tambi\u00e9n fue asegurada.<\/p>\n\n\n\n<p class=\"MsoNormal\">En los \u00faltimos d\u00edas, la Polic\u00eda Municipal tienen nuevas funciones en torno a la pandemia del Covid-19, pues en lugar de concentrarse en la vigilancia por la inseguridad, ahora tambi\u00e9n realizan operativos para convocar a la poblaci\u00f3n a no permanecer en la calle.<\/p>\n","protected":false},"excerpt":{"rendered":"<p>Redacci\u00f3n\/ Zona Roja Oaxaca de Ju\u00e1rez, Oax., 2 de abril de 2020.- La inseguridad no&hellip;<\/p>\n","protected":false},"author":2,"featured_media":10608,"comment_status":"closed","ping_status":"open","sticky":false,"template":"","format":"standard","meta":{"_lmt_disableupdate":"","_lmt_disable":"","_jetpack_memberships_contains_paid_content":false,"footnotes":""},"categories":[109,51],"tags":[],"class_list":["post-10606","post","type-post","status-publish","format-standard","has-post-thumbnail","hentry","category-minuto-a-minuto","category-zona-roja"],"jetpack_featured_media_url":"https:\/\/zonaroja.com.mx\/wp-content\/uploads\/2020\/04\/97a3d04a-c725-46b4-a801-bb61009ffa27.jpg","jetpack_sharing_enabled":true,"_links":{"self":[{"href":"https:\/\/zonaroja.com.mx\/index.php?rest_route=\/wp\/v2\/posts\/10606","targetHints":{"allow":["GET"]}}],"collection":[{"href":"https:\/\/zonaroja.com.mx\/index.php?rest_route=\/wp\/v2\/posts"}],"about":[{"href":"https:\/\/zonaroja.com.mx\/index.php?rest_route=\/wp\/v2\/types\/post"}],"author":[{"embeddable":true,"href":"https:\/\/zonaroja.com.mx\/index.php?rest_route=\/wp\/v2\/users\/2"}],"replies":[{"embeddable":true,"href":"https:\/\/zonaroja.com.mx\/index.php?rest_route=%2Fwp%2Fv2%2Fcomments&post=10606"}],"version-history":[{"count":2,"href":"https:\/\/zonaroja.com.mx\/index.php?rest_route=\/wp\/v2\/posts\/10606\/revisions"}],"predecessor-version":[{"id":10624,"href":"https:\/\/zonaroja.com.mx\/index.php?rest_route=\/wp\/v2\/posts\/10606\/revisions\/10624"}],"wp:featuredmedia":[{"embeddable":true,"href":"https:\/\/zonaroja.com.mx\/index.php?rest_route=\/wp\/v2\/media\/10608"}],"wp:attachment":[{"href":"https:\/\/zonaroja.com.mx\/index.php?rest_route=%2Fwp%2Fv2%2Fmedia&parent=10606"}],"wp:term":[{"taxonomy":"category","embeddable":true,"href":"https:\/\/zonaroja.com.mx\/index.php?rest_route=%2Fwp%2Fv2%2Fcategories&post=10606"},{"taxonomy":"post_tag","embeddable":true,"href":"https:\/\/zonaroja.com.mx\/index.php?rest_route=%2Fwp%2Fv2%2Ftags&post=10606"}],"curies":[{"name":"wp","href":"https:\/\/api.w.org\/{rel}","templated":true}]}}