{"id":10614,"date":"2020-04-02T15:52:59","date_gmt":"2020-04-02T21:52:59","guid":{"rendered":"http:\/\/www.zonaroja.com.mx\/?p=10614"},"modified":"2020-04-02T15:53:03","modified_gmt":"2020-04-02T21:53:03","slug":"vigilan-diputadas-que-no-se-violen-derechos-humanos-durante-contingencia","status":"publish","type":"post","link":"https:\/\/zonaroja.com.mx\/?p=10614","title":{"rendered":"Vigilan diputadas que no se violen derechos humanos durante contingencia"},"content":{"rendered":"\n<p>Redacci\u00f3n\/Zona Roja.<\/p>\n\n\n\n<p>Oaxaca de Ju\u00e1rez, Oax., 2 de abril de\n2020.- Con la intenci\u00f3n de vigilar que no se violenten las garant\u00edas individuales\nde la poblaci\u00f3n, denunciar y llamar a cuentas a servidores p\u00fablicos que\nincumplan con estas normas, este jueves fue instalada de manera permanente la\nComisi\u00f3n de Derechos Humanos de la 64 Legislatura de Oaxaca.<\/p>\n\n\n\n<p>La presidenta de dicho \u00f3rgano del\nCongreso del Estado, diputada Magaly L\u00f3pez, destac\u00f3 que las pol\u00edticas p\u00fablicas\nde salud, deben contemplar la no discriminaci\u00f3n, participaci\u00f3n, empoderamiento,\ny rendici\u00f3n de cuentas; \u201cdesde aqu\u00ed les decimos a las autoridades del Gobierno\ndel Estado, la discriminaci\u00f3n tambi\u00e9n es un virus letal, que debe ser\ncombatido\u201d, dijo.<\/p>\n\n\n\n<p>Dej\u00f3 en claro que la sociedad civil y\nel gobierno deben actuar con responsabilidad y tener muy claro que el acceso a\nlos servicios de salud, es un derecho humano que incluye a todos los grupos,\nmujeres, personas mayores, pueblos originarios, desplazados, personas privadas\nde la libertad, personas con enfermedades cr\u00f3nicas, con VIH, migrantes y\npersonas integrantes de la comunidad LGBTIQ.<\/p>\n\n\n\n<p>Reiter\u00f3 que la comisi\u00f3n Permanente de\nDerechos Humanos estar\u00e1 pendiente del actuar de la Coordinaci\u00f3n para la\nAtenci\u00f3n de los Derechos Humanos del Poder Ejecutivo y del titular de la\nDefensor\u00eda de los Derechos Humanos del Pueblo de Oaxaca, a fin de conocer su\nparticipaci\u00f3n a fin de lograr que se respeten dichas garant\u00edas durante esta\nemergencia nacional.<\/p>\n\n\n\n<p>Exhort\u00f3 a la ciudadan\u00eda a que no dejen\nde se\u00f1alar a las autoridades que se excedan en sus funciones o las incumplan,\nno podemos permitir que esta contingencia sea pretexto para el abuso de\nautoridad.<\/p>\n\n\n\n<p>\u201cSer\u00e1 importante se\u00f1alar que las\nautoridades estatales y municipales garanticen que las actividades esenciales\ncontin\u00faen al servicio se la sociedad, ello tiene vital importancia porque ya\nhay autoridades municipales que ya se han visto tentadas al autoritarismo y\ncomienzan a hablar de medidas a la constituci\u00f3n y a los principios y normas de\nlos Derechos Humanos reconocidos universalmente\u201d, dijo.<\/p>\n\n\n\n<p>Integran la Comisi\u00f3n de Derechos\nHumanos, las diputadas Elisa Zepeda Lagunas, Maritza Escarlett Guerra e Hilda\nGraciela P\u00e9rez Luis.<\/p>\n","protected":false},"excerpt":{"rendered":"<p>Redacci\u00f3n\/Zona Roja. Oaxaca de Ju\u00e1rez, Oax., 2 de abril de 2020.- Con la intenci\u00f3n de&hellip;<\/p>\n","protected":false},"author":2,"featured_media":10615,"comment_status":"closed","ping_status":"open","sticky":false,"template":"","format":"standard","meta":{"_lmt_disableupdate":"","_lmt_disable":"","_jetpack_memberships_contains_paid_content":false,"footnotes":""},"categories":[109,46],"tags":[192],"class_list":["post-10614","post","type-post","status-publish","format-standard","has-post-thumbnail","hentry","category-minuto-a-minuto","category-zona-blanca","tag-diputada-magaly-lopez-dominguez"],"jetpack_featured_media_url":"https:\/\/zonaroja.com.mx\/wp-content\/uploads\/2020\/04\/FOTO-2.1-Comisi\u00f3n-de-Derechos-Humanos-del-Congreso-de-Oaxaca-se-instala-en-Sesi\u00f3n-Permanente.jpg","jetpack_sharing_enabled":true,"_links":{"self":[{"href":"https:\/\/zonaroja.com.mx\/index.php?rest_route=\/wp\/v2\/posts\/10614","targetHints":{"allow":["GET"]}}],"collection":[{"href":"https:\/\/zonaroja.com.mx\/index.php?rest_route=\/wp\/v2\/posts"}],"about":[{"href":"https:\/\/zonaroja.com.mx\/index.php?rest_route=\/wp\/v2\/types\/post"}],"author":[{"embeddable":true,"href":"https:\/\/zonaroja.com.mx\/index.php?rest_route=\/wp\/v2\/users\/2"}],"replies":[{"embeddable":true,"href":"https:\/\/zonaroja.com.mx\/index.php?rest_route=%2Fwp%2Fv2%2Fcomments&post=10614"}],"version-history":[{"count":1,"href":"https:\/\/zonaroja.com.mx\/index.php?rest_route=\/wp\/v2\/posts\/10614\/revisions"}],"predecessor-version":[{"id":10616,"href":"https:\/\/zonaroja.com.mx\/index.php?rest_route=\/wp\/v2\/posts\/10614\/revisions\/10616"}],"wp:featuredmedia":[{"embeddable":true,"href":"https:\/\/zonaroja.com.mx\/index.php?rest_route=\/wp\/v2\/media\/10615"}],"wp:attachment":[{"href":"https:\/\/zonaroja.com.mx\/index.php?rest_route=%2Fwp%2Fv2%2Fmedia&parent=10614"}],"wp:term":[{"taxonomy":"category","embeddable":true,"href":"https:\/\/zonaroja.com.mx\/index.php?rest_route=%2Fwp%2Fv2%2Fcategories&post=10614"},{"taxonomy":"post_tag","embeddable":true,"href":"https:\/\/zonaroja.com.mx\/index.php?rest_route=%2Fwp%2Fv2%2Ftags&post=10614"}],"curies":[{"name":"wp","href":"https:\/\/api.w.org\/{rel}","templated":true}]}}