{"id":10617,"date":"2020-04-02T16:14:18","date_gmt":"2020-04-02T22:14:18","guid":{"rendered":"http:\/\/www.zonaroja.com.mx\/?p=10617"},"modified":"2020-04-02T16:53:12","modified_gmt":"2020-04-02T22:53:12","slug":"con-tuitazo-exigen-aguaparaayutlaya-va-para-tres-anos-sin-vitan-liquido","status":"publish","type":"post","link":"https:\/\/zonaroja.com.mx\/?p=10617","title":{"rendered":"Con tuitazo exigen #AguaParaAyutlaYa; va para tres a\u00f1os sin vital l\u00edquido"},"content":{"rendered":"\n<p>Evlin Arag\u00f3n\/Zona Roja.<\/p>\n\n\n\n<p>Oaxaca de Ju\u00e1rez, Oax., 2 de abril de 2020.- Decenas de personas participaron este jueves en el tuitazo convocado para exigir a las autoridades estatales, encabezadas por el gobernador Alejandro Murat Hinojosa, la reconexi\u00f3n inmediata del servicio de agua potable en la localidad de San Pedro y San Pablo Ayutla, que lleva mil 30 d\u00edas sin el vital l\u00edquido.<\/p>\n\n\n\n<p>Organizadas desde la tarde ayer, en\npunto de las 12:00 horas de este jueves comenzaron a postear im\u00e1genes que han\nsido realizadas por diversas artistas, al enterarse de la situaci\u00f3n que padece\nla localidad, las cu\u00e1les fueron acompa\u00f1adas con la etiqueta #AguaParaAyutlaYa y\nen el que se pidi\u00f3 etiquetar a las autoridades estatales y federales.<\/p>\n\n\n\n<p>A la iniciativa ciudadana se uni\u00f3 la organizaci\u00f3n en defensa de los derechos humanos C\u00f3digo DH, cuyos integrantes aseguraron que es obligaci\u00f3n de las autoridades estatales y federales garantizar el derecho al agua de las y los habitantes de Ayutla, por lo que exigieron la reconexi\u00f3n inmediata del servicio.<\/p>\n\n\n\n<figure class=\"wp-block-image\"><img decoding=\"async\" width=\"360\" height=\"313\" src=\"http:\/\/www.zonaroja.com.mx\/wp-content\/uploads\/2020\/04\/Agua-para-Ayutla1.jpg\" alt=\"\" class=\"wp-image-10619\" srcset=\"https:\/\/zonaroja.com.mx\/wp-content\/uploads\/2020\/04\/Agua-para-Ayutla1.jpg 360w, https:\/\/zonaroja.com.mx\/wp-content\/uploads\/2020\/04\/Agua-para-Ayutla1-300x261.jpg 300w\" sizes=\"(max-width: 360px) 100vw, 360px\" \/><\/figure>\n\n\n\n<p>Recordaron que la entidad y el pa\u00eds\nviven una emergencia sanitaria, decretada el pasado lunes por el gobierno federal\ndebido a la pandemia del Covid-19, para la cual una de las principales\nestrategias es el lavado constante de manos, situaci\u00f3n que se complica en la\nlocalidad al no contar con el vital l\u00edquido desde hace m\u00e1s de dos a\u00f1os, casi a\npunto de cumplirse los tres.<\/p>\n\n\n\n<p>Otras y otros usuarios del Twitter se\nunieron al llamado, adem\u00e1s que mostraron su preocupaci\u00f3n de los efectos que\npueda traer la falta de agua en la localidad ubicada en la Sierra Norte de\nOaxaca, en donde ya se anunci\u00f3 el primer caso de Covid-19.<\/p>\n\n\n\n<p>\u201cEl privilegio de quedarte en\ncuarentena sin perder tu trabajo. El privilegio de tener agua en la casa donde\nte vas a refugiar. El privilegio de poder lavarte las manos. El virus pegar\u00e1\nm\u00e1s duro a quien est\u00e1 m\u00e1s vulnerable\u201d, cita una de las publicaciones.<\/p>\n\n\n\n<p>\u201cEs primavera y en Ayutla Mixe persiste el invierno: sin agua, sin atenci\u00f3n ni justicia\u201d; \u201c\u00bfYa nos van a hacer caso, @alejandromurat? \u00bfC\u00f3mo pueden hacer frente al #Covid-19 en Ayutla si no tienen agua para lavarse las manos?\u201d; y \u201cQue se escuche claro y fuerte, agua para Ayutla ya\u201d, son otros de los mensajes que se pueden leer esta tarde en la plataforma.<\/p>\n\n\n\n<figure class=\"wp-block-image\"><img decoding=\"async\" width=\"360\" height=\"360\" src=\"http:\/\/www.zonaroja.com.mx\/wp-content\/uploads\/2020\/04\/Agua-para-Ayutla3.jpg\" alt=\"\" class=\"wp-image-10620\" srcset=\"https:\/\/zonaroja.com.mx\/wp-content\/uploads\/2020\/04\/Agua-para-Ayutla3.jpg 360w, https:\/\/zonaroja.com.mx\/wp-content\/uploads\/2020\/04\/Agua-para-Ayutla3-150x150.jpg 150w, https:\/\/zonaroja.com.mx\/wp-content\/uploads\/2020\/04\/Agua-para-Ayutla3-300x300.jpg 300w\" sizes=\"(max-width: 360px) 100vw, 360px\" \/><\/figure>\n\n\n\n<p>La contingencia por el Covid-19 no es a\nlo \u00fanico que se tiene que enfrentar la localidad ya que el pasado martes\nhabitantes de la zona alertaron de un incendio que se extend\u00eda&nbsp; y amenazaba la zona poblada de su comunidad.<\/p>\n\n\n\n<p>Sin embargo, \u00e9ste se pudo controlar con\nla participaci\u00f3n de las y los habitantes y autoridades de la Comisi\u00f3n Estatal\nForestal.<\/p>\n\n\n\n<p>La temporada de incendios apenas\ncomienza en la entidad, lo que aunado a la contingencia sanitaria hace\nimpostergable la reconexi\u00f3n del suministro de agua potable que desde el 2017\ncarece Ayutla tras un conflicto con sus vecinos de Tamazul\u00e1pam de Esp\u00edritu\nSanto.<\/p>\n","protected":false},"excerpt":{"rendered":"<p>Evlin Arag\u00f3n\/Zona Roja. Oaxaca de Ju\u00e1rez, Oax., 2 de abril de 2020.- Decenas de personas&hellip;<\/p>\n","protected":false},"author":2,"featured_media":10618,"comment_status":"closed","ping_status":"open","sticky":false,"template":"","format":"standard","meta":{"_lmt_disableupdate":"","_lmt_disable":"","_jetpack_memberships_contains_paid_content":false,"footnotes":""},"categories":[109,47],"tags":[1585],"class_list":["post-10617","post","type-post","status-publish","format-standard","has-post-thumbnail","hentry","category-minuto-a-minuto","category-zona-gris","tag-agua-para-ayutla-ya"],"jetpack_featured_media_url":"https:\/\/zonaroja.com.mx\/wp-content\/uploads\/2020\/04\/Agua-para-Ayutla5.jpg","jetpack_sharing_enabled":true,"_links":{"self":[{"href":"https:\/\/zonaroja.com.mx\/index.php?rest_route=\/wp\/v2\/posts\/10617","targetHints":{"allow":["GET"]}}],"collection":[{"href":"https:\/\/zonaroja.com.mx\/index.php?rest_route=\/wp\/v2\/posts"}],"about":[{"href":"https:\/\/zonaroja.com.mx\/index.php?rest_route=\/wp\/v2\/types\/post"}],"author":[{"embeddable":true,"href":"https:\/\/zonaroja.com.mx\/index.php?rest_route=\/wp\/v2\/users\/2"}],"replies":[{"embeddable":true,"href":"https:\/\/zonaroja.com.mx\/index.php?rest_route=%2Fwp%2Fv2%2Fcomments&post=10617"}],"version-history":[{"count":3,"href":"https:\/\/zonaroja.com.mx\/index.php?rest_route=\/wp\/v2\/posts\/10617\/revisions"}],"predecessor-version":[{"id":10623,"href":"https:\/\/zonaroja.com.mx\/index.php?rest_route=\/wp\/v2\/posts\/10617\/revisions\/10623"}],"wp:featuredmedia":[{"embeddable":true,"href":"https:\/\/zonaroja.com.mx\/index.php?rest_route=\/wp\/v2\/media\/10618"}],"wp:attachment":[{"href":"https:\/\/zonaroja.com.mx\/index.php?rest_route=%2Fwp%2Fv2%2Fmedia&parent=10617"}],"wp:term":[{"taxonomy":"category","embeddable":true,"href":"https:\/\/zonaroja.com.mx\/index.php?rest_route=%2Fwp%2Fv2%2Fcategories&post=10617"},{"taxonomy":"post_tag","embeddable":true,"href":"https:\/\/zonaroja.com.mx\/index.php?rest_route=%2Fwp%2Fv2%2Ftags&post=10617"}],"curies":[{"name":"wp","href":"https:\/\/api.w.org\/{rel}","templated":true}]}}