{"id":10636,"date":"2020-04-02T21:20:36","date_gmt":"2020-04-03T03:20:36","guid":{"rendered":"http:\/\/www.zonaroja.com.mx\/?p=10636"},"modified":"2020-04-02T21:20:40","modified_gmt":"2020-04-03T03:20:40","slug":"reconoce-smo-aumento-de-violencia-de-genero-por-contingencia","status":"publish","type":"post","link":"https:\/\/zonaroja.com.mx\/?p=10636","title":{"rendered":"Reconoce SMO aumento de violencia de g\u00e9nero por contingencia"},"content":{"rendered":"\n<p>Evlin Arag\u00f3n\/Zona Roja.<\/p>\n\n\n\n<p>Oaxaca de Ju\u00e1rez, Oax., 2 de abril de\n2020.- Desde hace un par de semanas a nivel mundial se alert\u00f3 sobre el posible\naumento de la violencia de g\u00e9nero debido a la contingencia sanitaria por el\nCovid-19, que obliga a las ni\u00f1as y mujeres a permanecer en casa, muchas de\nellas con su agresor, por lo que se ped\u00eda la implementaci\u00f3n de acciones por\nparte de las autoridades para atender los casos.<\/p>\n\n\n\n<p>En M\u00e9xico, fue el pasado 26 de marzo\nque Nadine Gasman, presidenta del Instituto Nacional de las Mujeres, junto con\notras integrantes del gabinete federal, hicieron presencia en la conferencia\ndiaria de salud que se realiza desde el inicio de la contingencia, para abordar\nel tema de la cuarentena con perspectiva de g\u00e9nero.<\/p>\n\n\n\n<p>Con especial \u00e9nfasis se tocaron los\ntemas del trabajo no remunerado que realizan las mujeres como cuidadoras, la\nsalud reproductiva, adem\u00e1s, se reconoci\u00f3 a la violencia de g\u00e9nero como un tema\nde salud p\u00fablica y se anunci\u00f3 que durante el periodo del aislamiento social se\natender\u00e1n denuncias a trav\u00e9s del 911.<\/p>\n\n\n\n<p>En Oaxaca, este jueves la titular de la\nSecretaria de las Mujeres, Ana V\u00e1squez Colmenares, present\u00f3 la estrategia \u201cEn contingencia\nestamos contigo\u201d con dos rutas de acci\u00f3n: <\/p>\n\n\n\n<p>La primera denominada \u201cNo est\u00e1s sola\u201d,\nque consiste en la difusi\u00f3n de mensajes de prevenci\u00f3n y detecci\u00f3n de violencia,\nas\u00ed como los datos de donde pueden recurrir; y la segunda \u201cEstamos contigo\u201d,\ncon contenido para que las mujeres puedan afrontar de una mejor manera el\nconfinamiento.<\/p>\n\n\n\n<p>La funcionaria reconoci\u00f3 que en casos\nde contingencia como el que se vive actualmente los casos de violencia familiar\ny de g\u00e9nero suelen aumentar, raz\u00f3n por la que mantendr\u00e1n abiertas las puertas\ndel Centro PAIMEF de Atenci\u00f3n Integral a Mujeres en Situaci\u00f3n de Violencia de\nG\u00e9nero<\/p>\n\n\n\n<p>\u201cSabemos que la pandemia del Covid-19 y\nen particular que tengamos que estar aisladas en casa para muchas oaxaque\u00f1as\nrepresenta el riesgo latente de vivir episodios de violencia, adem\u00e1s que el\nconfinamiento lleva consigo la triple jornada al trabajar desde casa, ayudar a\nsus hijas e hijos en sus deberes escolares y as\u00ed como mantener la casa en\norden\u201d, dijo la funcionaria.<\/p>\n\n\n\n<p>Explic\u00f3 que los servicios que brinda de\nforma presencial y en l\u00ednea la SMO son: acompa\u00f1amiento psicol\u00f3gico, contenci\u00f3n\nemocional y asesor\u00eda legal para las mujeres que sean v\u00edctimas de violencia;\nadem\u00e1s que durante esta contingencia estar\u00e1n realizando conferencias y talleres\nv\u00eda streaming con temas desde la perspectiva de g\u00e9nero.<\/p>\n\n\n\n<p>Lo anterior para dotar a las mujeres de\ndiversas herramientas que les permitan hacer frente de la contingencia,\nincluidos el autocuidado, confinamiento sano, t\u00e9cnicas de manejo para el estr\u00e9s\ny contenci\u00f3n emocional para hacer m\u00e1s llevadera la cuarentena a las mujeres\noaxaque\u00f1as.<\/p>\n\n\n\n<p>En este sentido, invit\u00f3 a las mujeres a\nsolicitar el apoyo de la SMO de manera presencial o v\u00eda telef\u00f3nica a los\nn\u00fameros 9512072666,<\/p>\n\n\n\n<p>9514277502 o en cualquiera de sus\nplataformas electr\u00f3nicas, as\u00ed mismo en caso de estar en una situaci\u00f3n de\neminente riesgo no dudar en comunicarse al 911 o al 089 de denuncia an\u00f3nima\npara que sean las autoridades de seguridad p\u00fablica las que acudan al llamado.<\/p>\n","protected":false},"excerpt":{"rendered":"<p>Evlin Arag\u00f3n\/Zona Roja. Oaxaca de Ju\u00e1rez, Oax., 2 de abril de 2020.- Desde hace un&hellip;<\/p>\n","protected":false},"author":2,"featured_media":10637,"comment_status":"closed","ping_status":"open","sticky":false,"template":"","format":"standard","meta":{"_lmt_disableupdate":"","_lmt_disable":"","_jetpack_memberships_contains_paid_content":false,"footnotes":""},"categories":[109,47],"tags":[1512],"class_list":["post-10636","post","type-post","status-publish","format-standard","has-post-thumbnail","hentry","category-minuto-a-minuto","category-zona-gris","tag-coronavirus-oaxaca"],"jetpack_featured_media_url":"https:\/\/zonaroja.com.mx\/wp-content\/uploads\/2020\/04\/EstamosContigo.jpeg","jetpack_sharing_enabled":true,"_links":{"self":[{"href":"https:\/\/zonaroja.com.mx\/index.php?rest_route=\/wp\/v2\/posts\/10636","targetHints":{"allow":["GET"]}}],"collection":[{"href":"https:\/\/zonaroja.com.mx\/index.php?rest_route=\/wp\/v2\/posts"}],"about":[{"href":"https:\/\/zonaroja.com.mx\/index.php?rest_route=\/wp\/v2\/types\/post"}],"author":[{"embeddable":true,"href":"https:\/\/zonaroja.com.mx\/index.php?rest_route=\/wp\/v2\/users\/2"}],"replies":[{"embeddable":true,"href":"https:\/\/zonaroja.com.mx\/index.php?rest_route=%2Fwp%2Fv2%2Fcomments&post=10636"}],"version-history":[{"count":1,"href":"https:\/\/zonaroja.com.mx\/index.php?rest_route=\/wp\/v2\/posts\/10636\/revisions"}],"predecessor-version":[{"id":10638,"href":"https:\/\/zonaroja.com.mx\/index.php?rest_route=\/wp\/v2\/posts\/10636\/revisions\/10638"}],"wp:featuredmedia":[{"embeddable":true,"href":"https:\/\/zonaroja.com.mx\/index.php?rest_route=\/wp\/v2\/media\/10637"}],"wp:attachment":[{"href":"https:\/\/zonaroja.com.mx\/index.php?rest_route=%2Fwp%2Fv2%2Fmedia&parent=10636"}],"wp:term":[{"taxonomy":"category","embeddable":true,"href":"https:\/\/zonaroja.com.mx\/index.php?rest_route=%2Fwp%2Fv2%2Fcategories&post=10636"},{"taxonomy":"post_tag","embeddable":true,"href":"https:\/\/zonaroja.com.mx\/index.php?rest_route=%2Fwp%2Fv2%2Ftags&post=10636"}],"curies":[{"name":"wp","href":"https:\/\/api.w.org\/{rel}","templated":true}]}}