{"id":10642,"date":"2020-04-02T22:14:34","date_gmt":"2020-04-03T04:14:34","guid":{"rendered":"http:\/\/www.zonaroja.com.mx\/?p=10642"},"modified":"2020-04-02T22:14:38","modified_gmt":"2020-04-03T04:14:38","slug":"revisan-diputados-necesidades-del-hospital-civil-de-oaxaca","status":"publish","type":"post","link":"https:\/\/zonaroja.com.mx\/?p=10642","title":{"rendered":"Revisan diputados necesidades del Hospital Civil de Oaxaca"},"content":{"rendered":"\n<p>Redacci\u00f3n\/Zona Roja.<\/p>\n\n\n\n<p>Oaxaca de Ju\u00e1rez, Oax., 2 de abril de\n2020.- Integrantes de la Comisi\u00f3n Permanente de Salud del Congreso de Oaxaca\nvisitaron este jueves las instalaciones del Hospital Civil \u201cDr. Aurelio\nValdivieso\u201d, en la capital oaxaque\u00f1a, para constatar las necesidades que afronta\ny los servicios que prestan al p\u00fablico, ante la Emergencia Sanitaria Nacional\npor el Coronavirus (COVID-19).<\/p>\n\n\n\n<p>Los legisladores se reunieron con\nErnesto Garz\u00f3n S\u00e1nchez, director del nosocomio y el secretario General de la\nSubsecci\u00f3n 07 del Sindicato Nacional de Trabajadores de la Salud, Alberto\nV\u00e1squez San Germ\u00e1n, a quienes expresaron la decisi\u00f3n de sumar esfuerzos por el\nbien del pueblo oaxaque\u00f1o.<\/p>\n\n\n\n<p>En el recorrido por las principales\n\u00e1reas, reconocieron la dedicaci\u00f3n del cuerpo m\u00e9dico y enfermer\u00eda que, de manera\nprofesional, cumple en este momento de grave crisis por la pandemia, con su\nloable tarea de brindar servicios de salud a la poblaci\u00f3n, pese a las\nlimitaciones materiales que est\u00e1n enfrentando. <\/p>\n\n\n\n<p>Adem\u00e1s, advirtieron que estar\u00e1n\nvigilantes de los recursos que la Federaci\u00f3n ha destinado para el estado de\nOaxaca, con motivo de la emergencia sanitaria por esta enfermedad, para\nverificar la aplicaci\u00f3n efectiva y oportuna del presupuesto.<\/p>\n\n\n\n<p>El mi\u00e9rcoles 1 de abril, se anunci\u00f3 la\ndonaci\u00f3n&nbsp; de un mes de dieta, de los 42\nrepresentantes populares, que en conjunto suma un mill\u00f3n 764 mil pesos, para la\ncompra y adquisici\u00f3n de equipo m\u00e9dico, con el fin de enfrentar la Emergencia\nSanitaria Nacional por el Coronavirus (Covid-19), los cuales ser\u00e1n entregados a\nhospitales que acuerde la Junta de Coordinaci\u00f3n Pol\u00edtica. <\/p>\n\n\n\n<p>PIDEN COORDINACI\u00d3N<\/p>\n\n\n\n<p>Por otra parte, a fin de dar\nseguimiento al quehacer de los 570 municipios de Oaxaca ante el Estado de\nEmergencia Sanitaria Nacional por el Coronavirus (COVID-19), se instal\u00f3 en\nSesi\u00f3n Permanente la Comisi\u00f3n de Fortalecimiento y Asuntos Municipales de la 64\nLegislatura local.<\/p>\n\n\n\n<p>Horacio Sosa Villavicencio, presidente\nde la Junta de Coordinaci\u00f3n Pol\u00edtica, afirm\u00f3 que es vital que autoridades de\nlos ayuntamientos unan esfuerzos con la Presidencia de la Rep\u00fablica, el Gobierno\ndel Estado y el Congreso Local para enfrentar conjuntamente los da\u00f1os que est\u00e1\ngenerando esta contingencia.<\/p>\n\n\n\n<p>Record\u00f3 en la sesi\u00f3n, que los\nconcejales deben asumir los compromisos adquiridos, como autoridad, y trabajar\npara el bien de la comunidad. \u201cDesde esta Legislatura, vamos a insistir en la\ncoordinaci\u00f3n de esfuerzos con los tres \u00f3rdenes de gobierno\u201d, a\u00f1adi\u00f3.<\/p>\n","protected":false},"excerpt":{"rendered":"<p>Redacci\u00f3n\/Zona Roja. Oaxaca de Ju\u00e1rez, Oax., 2 de abril de 2020.- Integrantes de la Comisi\u00f3n&hellip;<\/p>\n","protected":false},"author":2,"featured_media":10643,"comment_status":"closed","ping_status":"open","sticky":false,"template":"","format":"standard","meta":{"_lmt_disableupdate":"","_lmt_disable":"","_jetpack_memberships_contains_paid_content":false,"footnotes":""},"categories":[46],"tags":[213],"class_list":["post-10642","post","type-post","status-publish","format-standard","has-post-thumbnail","hentry","category-zona-blanca","tag-64-legislatura-de-oaxaca"],"jetpack_featured_media_url":"https:\/\/zonaroja.com.mx\/wp-content\/uploads\/2020\/04\/IMG-20200402-WA0066.jpg","jetpack_sharing_enabled":true,"_links":{"self":[{"href":"https:\/\/zonaroja.com.mx\/index.php?rest_route=\/wp\/v2\/posts\/10642","targetHints":{"allow":["GET"]}}],"collection":[{"href":"https:\/\/zonaroja.com.mx\/index.php?rest_route=\/wp\/v2\/posts"}],"about":[{"href":"https:\/\/zonaroja.com.mx\/index.php?rest_route=\/wp\/v2\/types\/post"}],"author":[{"embeddable":true,"href":"https:\/\/zonaroja.com.mx\/index.php?rest_route=\/wp\/v2\/users\/2"}],"replies":[{"embeddable":true,"href":"https:\/\/zonaroja.com.mx\/index.php?rest_route=%2Fwp%2Fv2%2Fcomments&post=10642"}],"version-history":[{"count":1,"href":"https:\/\/zonaroja.com.mx\/index.php?rest_route=\/wp\/v2\/posts\/10642\/revisions"}],"predecessor-version":[{"id":10644,"href":"https:\/\/zonaroja.com.mx\/index.php?rest_route=\/wp\/v2\/posts\/10642\/revisions\/10644"}],"wp:featuredmedia":[{"embeddable":true,"href":"https:\/\/zonaroja.com.mx\/index.php?rest_route=\/wp\/v2\/media\/10643"}],"wp:attachment":[{"href":"https:\/\/zonaroja.com.mx\/index.php?rest_route=%2Fwp%2Fv2%2Fmedia&parent=10642"}],"wp:term":[{"taxonomy":"category","embeddable":true,"href":"https:\/\/zonaroja.com.mx\/index.php?rest_route=%2Fwp%2Fv2%2Fcategories&post=10642"},{"taxonomy":"post_tag","embeddable":true,"href":"https:\/\/zonaroja.com.mx\/index.php?rest_route=%2Fwp%2Fv2%2Ftags&post=10642"}],"curies":[{"name":"wp","href":"https:\/\/api.w.org\/{rel}","templated":true}]}}