{"id":10645,"date":"2020-04-03T07:46:22","date_gmt":"2020-04-03T13:46:22","guid":{"rendered":"http:\/\/www.zonaroja.com.mx\/?p=10645"},"modified":"2020-04-03T07:46:25","modified_gmt":"2020-04-03T13:46:25","slug":"rebasa-un-millon-la-cifra-de-contagiados-en-el-mundo-ecuador-colapsado","status":"publish","type":"post","link":"https:\/\/zonaroja.com.mx\/?p=10645","title":{"rendered":"Rebasa un mill\u00f3n la cifra de contagiados en el mundo; Ecuador, colapsado"},"content":{"rendered":"\n<p>Redacci\u00f3n\/Zona Roja Cdmx.<\/p>\n\n\n\n<p>Ciudad de M\u00e9xico, 3 de abril de 2020.- El\nn\u00famero de casos confirmados del nuevo coronavirus rebas\u00f3 ayer el mill\u00f3n a\nescala mundial, con m\u00e1s de 50 mil decesos, de acuerdo con el conteo de la\nUniversidad Johns Hopkins. <\/p>\n\n\n\n<p>Sin embargo, se cree que las cifras\nreales son mucho mayores debido a la escasez de pruebas, a que hay muchos casos\ncon s\u00edntomas moderados que no se han contabilizado y a que existen sospechas de\nque algunos pa\u00edses encubren la magnitud de sus brotes.<\/p>\n\n\n\n<p>La batalla por proteger a la gente de\nlos portadores que no saben que tienen el coronavirus gana intensidad y los\ngobiernos tratan de detectarlos a toda costa con el prop\u00f3sito de evitar m\u00e1s\ncontagios, al tiempo que genera nuevas interrogantes acerca de qui\u00e9nes deben\nusar mascarillas, tomarse la temperatura, aplicarse una prueba o incluso salir\nde sus casas.<\/p>\n\n\n\n<p>Ante la ausencia de una vacuna, casi 4\nmil millones de personas, la mitad de la poblaci\u00f3n mundial, ya ha sido invitada\nu obligada por los gobiernos a quedarse en sus hogares para frenar la\npropagaci\u00f3n del virus, seg\u00fan un reporte de Afp.<\/p>\n\n\n\n<p>El presidente de Filipinas, Rodrigo\nDuterte, amenaz\u00f3 con matar a todos aquellos que den problemas y no respeten la\ncuarentena por la pandemia \u2013cuando registra 107 muertes y 2 mil 633 enfermos\u2013\nluego de que unas 20 personas del barrio de San Roque, en Manila, protestaron\nsin permiso ante la polic\u00eda para exigir ayuda gubernamental para frenar el\nbrote.<\/p>\n\n\n\n<p>C\u00d3DIGO VERDE<\/p>\n\n\n\n<p>En Wuhan, la ciudad china donde surgi\u00f3\nel brote en diciembre pasado, el gobierno puso un c\u00f3digo verde en los tel\u00e9fonos\nde la poblaci\u00f3n para determinar sus movimientos, pues indica que no tienen el\nvirus. Este c\u00f3digo debe mostrarse al tomar el Metro, alojarse en un hotel o\ningresar a esa urbe de 11 millones de habitantes. Se aplican severas\nrestricciones para quienes tienen amarillo o rojo, pues son posibles portadores\no definitivamente est\u00e1n infectados.<\/p>\n\n\n\n<p>Las dr\u00e1sticas restricciones en esta\nciudad, ante la reducci\u00f3n de casos, se han ido retirando poco a poco, pero\ntodav\u00eda permanecen imponentes barreras de pl\u00e1stico amarillo o azul para\ncanalizar el paso de la gente y limitar su n\u00famero, se\u00f1al de que a\u00fan no ha\nrecuperado la normalidad, como en otras zonas de China continental, que\nregistra 3 mil 322 decesos y 82 mil 433 contagiados.<\/p>\n\n\n\n<p>A escala global hay un mill\u00f3n 14 mil\n673 contagios, 52 mil 973 muertos y 210 mil 335 recuperados en m\u00e1s de 180\nnaciones o territorios, indic\u00f3 la citada universidad.<\/p>\n\n\n\n<p>ADULTOS MAYORES<\/p>\n\n\n\n<p>Desde Copenhague, Hans Kluge, director\ngeneral de la Organizaci\u00f3n Mundial de la Salud para Europa, inform\u00f3 que m\u00e1s de\n95 por ciento de los fallecidos en el continente ten\u00edan m\u00e1s de 60 a\u00f1os, pero\nalert\u00f3 que tambi\u00e9n hubo menores.<\/p>\n\n\n\n<p>En Italia, con la mayor cantidad de\ndecesos del mundo: 13 mil 915, podr\u00eda haber hasta 5 millones de contagiados, un\nmill\u00f3n s\u00f3lo en Lombard\u00eda, seg\u00fan un sondeo del epidemi\u00f3logo Carlo la Vecchia, de\nla Universidad Estatal de Mil\u00e1n.<\/p>\n\n\n\n<p>Las autoridades francesas publicaron\nque 884 ancianos fallecieron por Covid-19 en geri\u00e1tricos desde inicios de\nmarzo, cuando comenz\u00f3 la crisis. A nivel nacional, ya son 5 mil 398 defunciones\ny 59 mil 929 contagios.<\/p>\n\n\n\n<p>Sindicatos europeos estiman que al\nmenos un mill\u00f3n de personas han perdido su trabajo en las \u00faltimas dos semanas,\ny aseguran que la cifra podr\u00eda ser mucho m\u00e1s alta debido a que los cierres de\nescuelas, negocios y concentraciones multitudinarias han paralizado a buena\nparte de la econom\u00eda en el continente, el m\u00e1s afectado por la pandemia.<\/p>\n\n\n\n<p>En esta crisis del coronavirus, s\u00f3lo\nservir\u00e1n las respuestas m\u00e1s contundentes, dijo la presidenta de la Comisi\u00f3n\nEuropea, Ursula von der Leyen, al presentar un plan de 100 mil millones de\neuros para ayudar a que las compa\u00f1\u00edas no despidan a sus empleados.<\/p>\n\n\n\n<p>Algunos pa\u00edses africanos tendr\u00e1n m\u00e1s de\n10 mil casos para finales de abril, al tiempo que el continente sufre de una\nbrecha enorme en cuanto al n\u00famero de ventiladores y equipo m\u00e9dico crucial,\nvaticin\u00f3 John Nkengasong, director de los Centros para el Control y la\nPrevenci\u00f3n de Enfermedades de \u00c1frica.<\/p>\n\n\n\n<p>ECUADOR EN CRISIS<\/p>\n\n\n\n<p>La ciudad de Guayaquil, Ecuador, con\nmil 941 casos del nuevo coronavirus, est\u00e1 en un completo colapso sanitario,\ndebido a que cientos de personas mueren por d\u00eda y a\u00fan hay 100 cuerpos en las\ncalles que no han sido recogidos por las autoridades, denunci\u00f3 ayer el\nactivista Yang Chang, de la Coordinadora de Organizaciones Sociales del Guayas.<\/p>\n\n\n\n<p>Am\u00e9rica Latina y el Caribe suman 615\nfallecimientos y 22 mil 157 contagios del Covid-19.<\/p>\n\n\n\n<p>\u201cHay una cantidad de cuerpos no\nlevantados en Guayaquil producto del colapso sanitario p\u00fablico; ayer se\nrecogieron 350 cad\u00e1veres (\u2026) Estimamos que hay m\u00e1s de 100 sin ser recogidos\ns\u00f3lo en Guayaquil\u201d, afirm\u00f3 Chang.<\/p>\n\n\n\n<p>ESPA\u00d1A TAMBI\u00c9N<\/p>\n\n\n\n<p>Espa\u00f1a volvi\u00f3 a registrar ayer su\nm\u00e1ximo hist\u00f3rico de fallecidos por el virus Covid-19 en un d\u00eda: 925, con lo que\nya se super\u00f3 la cifra de 10 mil muertos desde el inicio de la crisis sanitaria.\nAdem\u00e1s, el n\u00famero de contagiados no deja de aumentar, con 110 mil personas en\ntodo el pa\u00eds.<\/p>\n\n\n\n<p>En cuanto al empleo, en Espa\u00f1a se han\nperdido 833 mil 979 afiliaciones al sistema laboral, mientras el n\u00famero de\ndesempleados ha crecido en 302 mil 365. Desde que se decret\u00f3 el estado de\nalarma en Espa\u00f1a se han perdido cerca de 900 mil empleos, la peor cifra de la\nhistoria en el pa\u00eds ib\u00e9rico desde que se contabilizan estos indicadores.<\/p>\n\n\n\n<p>ESTADOS UNIDOS<\/p>\n\n\n\n<p>Estados Unidos\nsigue como el n\u00famero uno en el mundo en casos de contagio, m\u00e1s de 234 mil, y el\nn\u00famero de muertes como resultado ya supera 5 mil 700.<\/p>\n\n\n\n<p>Las\nconsecuencias econ\u00f3micas del manejo de la crisis del coronavirus han dejado a\n10 millones de trabajadores en el desempleo en las pasadas dos semanas, cifra\nsin precedente en la historia de Estados Unidos, mientras la pandemia, lejos de\nculminar, sigue clausurando m\u00e1s zonas del pa\u00eds y abrumando a su fraccionado e\ninsuficiente sistema de salud a tal extremo que ahora el superpoder est\u00e1\nrecibiendo apoyo caritativo internacional.<\/p>\n\n\n\n<p>M\u00e1s de 6.6 millones de estadunidenses\nsolicitaron beneficios de desempleo la semana pasada, report\u00f3 ayer el Departamento\nde Trabajo.<\/p>\n","protected":false},"excerpt":{"rendered":"<p>Redacci\u00f3n\/Zona Roja Cdmx. Ciudad de M\u00e9xico, 3 de abril de 2020.- El n\u00famero de casos&hellip;<\/p>\n","protected":false},"author":2,"featured_media":10646,"comment_status":"closed","ping_status":"open","sticky":false,"template":"","format":"standard","meta":{"_lmt_disableupdate":"","_lmt_disable":"","_jetpack_memberships_contains_paid_content":false,"footnotes":""},"categories":[109,47],"tags":[1510],"class_list":["post-10645","post","type-post","status-publish","format-standard","has-post-thumbnail","hentry","category-minuto-a-minuto","category-zona-gris","tag-coronavirus-pandemia-global"],"jetpack_featured_media_url":"https:\/\/zonaroja.com.mx\/wp-content\/uploads\/2020\/04\/Ecuador.jpg","jetpack_sharing_enabled":true,"_links":{"self":[{"href":"https:\/\/zonaroja.com.mx\/index.php?rest_route=\/wp\/v2\/posts\/10645","targetHints":{"allow":["GET"]}}],"collection":[{"href":"https:\/\/zonaroja.com.mx\/index.php?rest_route=\/wp\/v2\/posts"}],"about":[{"href":"https:\/\/zonaroja.com.mx\/index.php?rest_route=\/wp\/v2\/types\/post"}],"author":[{"embeddable":true,"href":"https:\/\/zonaroja.com.mx\/index.php?rest_route=\/wp\/v2\/users\/2"}],"replies":[{"embeddable":true,"href":"https:\/\/zonaroja.com.mx\/index.php?rest_route=%2Fwp%2Fv2%2Fcomments&post=10645"}],"version-history":[{"count":1,"href":"https:\/\/zonaroja.com.mx\/index.php?rest_route=\/wp\/v2\/posts\/10645\/revisions"}],"predecessor-version":[{"id":10647,"href":"https:\/\/zonaroja.com.mx\/index.php?rest_route=\/wp\/v2\/posts\/10645\/revisions\/10647"}],"wp:featuredmedia":[{"embeddable":true,"href":"https:\/\/zonaroja.com.mx\/index.php?rest_route=\/wp\/v2\/media\/10646"}],"wp:attachment":[{"href":"https:\/\/zonaroja.com.mx\/index.php?rest_route=%2Fwp%2Fv2%2Fmedia&parent=10645"}],"wp:term":[{"taxonomy":"category","embeddable":true,"href":"https:\/\/zonaroja.com.mx\/index.php?rest_route=%2Fwp%2Fv2%2Fcategories&post=10645"},{"taxonomy":"post_tag","embeddable":true,"href":"https:\/\/zonaroja.com.mx\/index.php?rest_route=%2Fwp%2Fv2%2Ftags&post=10645"}],"curies":[{"name":"wp","href":"https:\/\/api.w.org\/{rel}","templated":true}]}}