{"id":10650,"date":"2020-04-03T08:12:37","date_gmt":"2020-04-03T14:12:37","guid":{"rendered":"http:\/\/www.zonaroja.com.mx\/?p=10650"},"modified":"2020-04-03T08:12:39","modified_gmt":"2020-04-03T14:12:39","slug":"desconoce-fiscalia-de-oaxaca-por-que-interpol-no-tiene-ficha-de-vera-carrizal","status":"publish","type":"post","link":"https:\/\/zonaroja.com.mx\/?p=10650","title":{"rendered":"Desconoce Fiscal\u00eda de Oaxaca por qu\u00e9 Interpol no tiene ficha de Vera Carrizal"},"content":{"rendered":"\n<p>Redacci\u00f3n\/Zona Roja.<\/p>\n\n\n\n<p>Oaxaca de Ju\u00e1rez, Oax., 3 de abril de\n2020.- Por segunda ocasi\u00f3n, el fiscal General de Oaxaca, Rub\u00e9n Vasconcelos\nM\u00e9ndez, dijo desconocer por qu\u00e9 la Interpol &#8211;a quien pidi\u00f3 colaboraci\u00f3n&#8211; no tiene\nen su sitio de internet la ficha de b\u00fasqueda de Juan Antonio Vera Carrizal.<\/p>\n\n\n\n<p>\u201cLo desconozco, lo vamos a checar, voy a pedir de inmediato la informaci\u00f3n y te respondo personalmente\u201d, dijo anoche a la reportera del diario \u201cNoticias\u201d, Citlalli L\u00f3pez, quien pregunt\u00f3 sobre el apoyo de la polic\u00eda internacional.<\/p>\n\n\n\n<p>Similar pregunta le hizo la prensa el\npasado 6 de marzo en conferencia de prensa en la capital oaxaque\u00f1a, durante la\nvisita del titular de la Unidad de Inteligencia Financiera; tambi\u00e9n dijo que\ndesconoc\u00eda la situaci\u00f3n y dijo que revisar\u00eda.<\/p>\n\n\n\n<p>El fiscal ofreci\u00f3 anoche una\nvideoconferencia con algunos representantes de medios de comunicaci\u00f3n\nseleccionados previamente, donde destac\u00f3 la labor de la Polic\u00eda Estatal para\ndetener el pasado mi\u00e9rcoles a Rub\u00e9n L. Ch., tercer probable implicado en la\nagresi\u00f3n de Mar\u00eda Elena R\u00edos Ortiz.<\/p>\n\n\n\n<p>Reconoci\u00f3 tambi\u00e9n que desconoce a\u00fan el\nparadero de Vera Carrizal y su hijo, probables autores intelectuales, pese a\nlos supuestos trabajos de inteligencia que realiza.<\/p>\n\n\n\n<p>\u201cLo que s\u00ed podemos afirmar es que no ha\nsalido del pa\u00eds; estamos seguros que est\u00e1 en M\u00e9xico; tiene mucha capacidad principalmente\necon\u00f3mica para esconderse en cualquier parte\u201d, justific\u00f3 Vasconcelos M\u00e9ndez.<\/p>\n\n\n\n<p>A pregunta expresa, acept\u00f3 tambi\u00e9n que\nhubo fallas en la elaboraci\u00f3n de la ficha de b\u00fasqueda de Vera Carrizal, emitida\ncuando se ofreci\u00f3 un mill\u00f3n de pesos de recompensa, datos que ya se han corregido,\na\u00f1adi\u00f3.<\/p>\n\n\n\n<p>La localizaci\u00f3n de Juan Antonio Vera\nCarrizal, ex diputado local por el PVEM-PRI, es la principal exigencia de Mar\u00eda\nElena R\u00edos, agredida con \u00e1cido el 9 de septiembre de 2019, y quien ha se\u00f1alado\nreiteradamente en medios nacionales la omisi\u00f3n de la Fiscal\u00eda General para\nbuscarlo.<\/p>\n","protected":false},"excerpt":{"rendered":"<p>Redacci\u00f3n\/Zona Roja. Oaxaca de Ju\u00e1rez, Oax., 3 de abril de 2020.- Por segunda ocasi\u00f3n, el&hellip;<\/p>\n","protected":false},"author":2,"featured_media":10651,"comment_status":"closed","ping_status":"open","sticky":false,"template":"","format":"standard","meta":{"_lmt_disableupdate":"","_lmt_disable":"","_jetpack_memberships_contains_paid_content":false,"footnotes":""},"categories":[109,47],"tags":[494,1124],"class_list":["post-10650","post","type-post","status-publish","format-standard","has-post-thumbnail","hentry","category-minuto-a-minuto","category-zona-gris","tag-fiscalia-general-del-estado-de-oaxaca","tag-maria-elena-rios-ortiz"],"jetpack_featured_media_url":"https:\/\/zonaroja.com.mx\/wp-content\/uploads\/2020\/04\/Conferencia-Fiscal\u00eda-de-Oaxaca.jpg","jetpack_sharing_enabled":true,"_links":{"self":[{"href":"https:\/\/zonaroja.com.mx\/index.php?rest_route=\/wp\/v2\/posts\/10650","targetHints":{"allow":["GET"]}}],"collection":[{"href":"https:\/\/zonaroja.com.mx\/index.php?rest_route=\/wp\/v2\/posts"}],"about":[{"href":"https:\/\/zonaroja.com.mx\/index.php?rest_route=\/wp\/v2\/types\/post"}],"author":[{"embeddable":true,"href":"https:\/\/zonaroja.com.mx\/index.php?rest_route=\/wp\/v2\/users\/2"}],"replies":[{"embeddable":true,"href":"https:\/\/zonaroja.com.mx\/index.php?rest_route=%2Fwp%2Fv2%2Fcomments&post=10650"}],"version-history":[{"count":1,"href":"https:\/\/zonaroja.com.mx\/index.php?rest_route=\/wp\/v2\/posts\/10650\/revisions"}],"predecessor-version":[{"id":10652,"href":"https:\/\/zonaroja.com.mx\/index.php?rest_route=\/wp\/v2\/posts\/10650\/revisions\/10652"}],"wp:featuredmedia":[{"embeddable":true,"href":"https:\/\/zonaroja.com.mx\/index.php?rest_route=\/wp\/v2\/media\/10651"}],"wp:attachment":[{"href":"https:\/\/zonaroja.com.mx\/index.php?rest_route=%2Fwp%2Fv2%2Fmedia&parent=10650"}],"wp:term":[{"taxonomy":"category","embeddable":true,"href":"https:\/\/zonaroja.com.mx\/index.php?rest_route=%2Fwp%2Fv2%2Fcategories&post=10650"},{"taxonomy":"post_tag","embeddable":true,"href":"https:\/\/zonaroja.com.mx\/index.php?rest_route=%2Fwp%2Fv2%2Ftags&post=10650"}],"curies":[{"name":"wp","href":"https:\/\/api.w.org\/{rel}","templated":true}]}}