{"id":10653,"date":"2020-04-03T09:18:04","date_gmt":"2020-04-03T15:18:04","guid":{"rendered":"http:\/\/www.zonaroja.com.mx\/?p=10653"},"modified":"2020-04-03T09:18:08","modified_gmt":"2020-04-03T15:18:08","slug":"recomiendan-fortalecer-valores-y-convivencia-en-casa-durante-receso","status":"publish","type":"post","link":"https:\/\/zonaroja.com.mx\/?p=10653","title":{"rendered":"Recomiendan fortalecer valores y convivencia en casa, durante receso"},"content":{"rendered":"\n<p>Redacci\u00f3n\/Zona Roja.<\/p>\n\n\n\n<p>Oaxaca de Ju\u00e1rez, Oax., 3 de abril de\n2020.- Las madres y padres de familia son referente para las ni\u00f1as y ni\u00f1os,\nprincipalmente en sus primeros a\u00f1os de vida.<\/p>\n\n\n\n<p>Por ello, el Instituto Estatal de\nEducaci\u00f3n P\u00fablica de Oaxaca (IEEPO), recomienda en este periodo de receso\nescolar, fortalecer en ellos y poner en pr\u00e1ctica cualidades como la\nresponsabilidad, generosidad, compromiso, tolerancia, honestidad, gratitud y\nhumildad.<\/p>\n\n\n\n<p>A trav\u00e9s de la Direcci\u00f3n para la Mejora\nde la Convivencia Escolar y Unidad de Enlace de G\u00e9nero, por indicaciones del\ndirector general, Francisco \u00c1ngel Villarreal se impulsan permanentemente\ndiferentes actividades que contribuyan a generar ambientes sanos y seguros para\nlas y los alumnos de educaci\u00f3n b\u00e1sica.<\/p>\n\n\n\n<p>En esta labor, la familia como instituci\u00f3n\nsocial relevante en la formaci\u00f3n integral del ser humano se constituye en el\nprimer entorno educativo de ni\u00f1as y ni\u00f1os en su proceso de desarrollo, ya que\nexiste una estrecha relaci\u00f3n entre personas que comparten sentimientos,\nemociones y relaciones de intimidad, respeto y otros valores esenciales.<\/p>\n\n\n\n<p>Especialistas de la Direcci\u00f3n para la\nMejora de la Convivencia Escolar y Unidad de Enlace de G\u00e9nero del IEEPO,\ncomentaron que este periodo en el que el alumnado pasar\u00e1 m\u00e1s tiempo en sus\nhogares, es la oportunidad de un encuentro distinto entre los padres y sus\nhijos para hablar de valores, solidaridad y aprovechar el tiempo con ellos.<\/p>\n\n\n\n<p>\u201cEn casa podemos educar en valores,\ndesarrollando habilidades que lleven a una comunicaci\u00f3n adecuada, escuchando\ncon atenci\u00f3n y validando sus emociones, estableciendo normas de convivencia\nclara, ense\u00f1ando a trabajar en equipo, compartiendo y sin pelear\u201d, indic\u00f3 la\ntallerista, Lisset Mendoza Cruz.<\/p>\n\n\n\n<p>Recomend\u00f3 mostrar a las ni\u00f1as y ni\u00f1os\ncomo ser m\u00e1s asertivos en la forma de expresar sus ideas y deseos, pedirles su\nopini\u00f3n, respetar sus decisiones, as\u00ed como ense\u00f1arles tambi\u00e9n a respetar las\nopiniones de los dem\u00e1s, con la finalidad de convivir de manera arm\u00f3nica\npac\u00edfica y en consecuencia tener una mejor sociedad.<\/p>\n\n\n\n<p>Para la resoluci\u00f3n de conflictos de\nmanera asertiva y mejorar la convivencia desde el hogar, la servidora p\u00fablica\ndel IEEPO aconsej\u00f3 a las madres y padres de familia promover el di\u00e1logo,\ntransformar los momentos que pasen con sus hijos en tiempo de calidad, aplicar\nla mediaci\u00f3n y hacer saber a sus hijos que son especiales e importantes. <\/p>\n\n\n\n<p>La colaboraci\u00f3n, comunicaci\u00f3n,\nconfianza y respeto, son una parte importante que contribuye a que el entorno\nen el que se desarrollan las y los ni\u00f1os sea el adecuado y que ser\u00e1 la base de\nsu comportamiento cuando sean mayores.<\/p>\n","protected":false},"excerpt":{"rendered":"<p>Redacci\u00f3n\/Zona Roja. Oaxaca de Ju\u00e1rez, Oax., 3 de abril de 2020.- Las madres y padres&hellip;<\/p>\n","protected":false},"author":2,"featured_media":10654,"comment_status":"closed","ping_status":"open","sticky":false,"template":"","format":"standard","meta":{"_lmt_disableupdate":"","_lmt_disable":"","_jetpack_memberships_contains_paid_content":false,"footnotes":""},"categories":[109,46],"tags":[599],"class_list":["post-10653","post","type-post","status-publish","format-standard","has-post-thumbnail","hentry","category-minuto-a-minuto","category-zona-blanca","tag-instituto-estatal-de-educacion-publica-de-oaxaca"],"jetpack_featured_media_url":"https:\/\/zonaroja.com.mx\/wp-content\/uploads\/2020\/04\/Convivencia-casa.jpeg","jetpack_sharing_enabled":true,"_links":{"self":[{"href":"https:\/\/zonaroja.com.mx\/index.php?rest_route=\/wp\/v2\/posts\/10653","targetHints":{"allow":["GET"]}}],"collection":[{"href":"https:\/\/zonaroja.com.mx\/index.php?rest_route=\/wp\/v2\/posts"}],"about":[{"href":"https:\/\/zonaroja.com.mx\/index.php?rest_route=\/wp\/v2\/types\/post"}],"author":[{"embeddable":true,"href":"https:\/\/zonaroja.com.mx\/index.php?rest_route=\/wp\/v2\/users\/2"}],"replies":[{"embeddable":true,"href":"https:\/\/zonaroja.com.mx\/index.php?rest_route=%2Fwp%2Fv2%2Fcomments&post=10653"}],"version-history":[{"count":1,"href":"https:\/\/zonaroja.com.mx\/index.php?rest_route=\/wp\/v2\/posts\/10653\/revisions"}],"predecessor-version":[{"id":10655,"href":"https:\/\/zonaroja.com.mx\/index.php?rest_route=\/wp\/v2\/posts\/10653\/revisions\/10655"}],"wp:featuredmedia":[{"embeddable":true,"href":"https:\/\/zonaroja.com.mx\/index.php?rest_route=\/wp\/v2\/media\/10654"}],"wp:attachment":[{"href":"https:\/\/zonaroja.com.mx\/index.php?rest_route=%2Fwp%2Fv2%2Fmedia&parent=10653"}],"wp:term":[{"taxonomy":"category","embeddable":true,"href":"https:\/\/zonaroja.com.mx\/index.php?rest_route=%2Fwp%2Fv2%2Fcategories&post=10653"},{"taxonomy":"post_tag","embeddable":true,"href":"https:\/\/zonaroja.com.mx\/index.php?rest_route=%2Fwp%2Fv2%2Ftags&post=10653"}],"curies":[{"name":"wp","href":"https:\/\/api.w.org\/{rel}","templated":true}]}}