{"id":10660,"date":"2020-04-03T09:31:50","date_gmt":"2020-04-03T15:31:50","guid":{"rendered":"http:\/\/www.zonaroja.com.mx\/?p=10660"},"modified":"2020-04-03T09:31:54","modified_gmt":"2020-04-03T15:31:54","slug":"el-57-reprueba-medidas-de-oswaldo-garcia-para-enfrentar-el-covid-19","status":"publish","type":"post","link":"https:\/\/zonaroja.com.mx\/?p=10660","title":{"rendered":"El 57% reprueba medidas de Oswaldo Garc\u00eda para enfrentar el Covid-19"},"content":{"rendered":"\n<p>Yuridiana Sosa\/Zona Roja<\/p>\n\n\n\n<p>Oaxaca de Ju\u00e1rez, Oax., 2 de abril de\n2020.- Las acciones implementadas por el gobierno municipal de la capital de\nOaxaca, encabezado por Oswaldo Garc\u00eda Jarqu\u00edn, para prevenir las consecuencias\npor el Covid-19, son insuficientes para la mayor\u00eda de la poblaci\u00f3n encuestadas,\nquienes lo desaprobaron.<\/p>\n\n\n\n<p>Se han limitado a repartir despensas,\ncomo si fuera campa\u00f1a electoral, as\u00ed como a disponer de la Polic\u00eda Municipal\npara ahuyentar a la gente pero s\u00f3lo del Centro Hist\u00f3rico de la ciudad.<\/p>\n\n\n\n<p>La encuestadora \u201cCaudae Estrategias\u201d\npublic\u00f3 recientemente que el edil de Oaxaca, por Morena, ocupa el lugar 28 de\n55 alcaldes de todo el pa\u00eds, sobre los que se consult\u00f3 sobre las medidas que se\nrealizaban en las demarcaciones m\u00e1s importantes, sin considerar la Ciudad de\nM\u00e9xico.<\/p>\n\n\n\n<p>La pregunta fue \u201cDe acuerdo con su\n\u00e1mbito de competencia, \u00bfConsidera que su alcalde est\u00e1 tomando las decisiones\nadecuadas para prevenir los efectos del coronavirus?\u201d.<\/p>\n\n\n\n<p>El 57.1 por ciento de los ciudadanos de\nla capital del estado contestaron \u201cno\u201d, mientras que el 42.9 por ciento dijo\n\u201cs\u00ed\u201d.<\/p>\n\n\n\n<p>La empresa encuestadora inform\u00f3 que el\nejercicio de consulta se realiz\u00f3 el 28 y 29 de marzo del 2020.<\/p>\n\n\n\n<p>Para esa fecha el gobierno de M\u00e9xico ya\nhab\u00eda declarado la Fase 2 del periodo transmisi\u00f3n del coronavirus en M\u00e9xico.\nMientras que el gobierno de Oaxaca de Ju\u00e1rez, con el apoyo de la Polic\u00eda\nMunicipal, ya realizaba operativos de disuasi\u00f3n de eventos masivos y exhorto a\nla poblaci\u00f3n que se ubicaba en plazas p\u00fablicas a retirarse.<\/p>\n\n\n\n<p>A nivel nacional, el alcalde de\nSaltillo, Coahuila, Manolo Jim\u00e9nez Salinas, es el mejor evaluado, con 61.8 por\nciento de aprobaci\u00f3n, seguido por Pablo Lemus Navarro, de Zapopan, Jalisco con\n61.2 por ciento, y Enrique Rivas Cu\u00e9llar, de Nuevo Laredo, Tamaulipas, con un\n60.7 por ciento de aceptaci\u00f3n a sus medidas.<\/p>\n\n\n\n<p>Los peores fueron los presidentes\nmunicipales Patricia Dur\u00e1n, de Naucalpan, Estado de M\u00e9xico, con tan solo el 17.\n1 por ciento de aprobaci\u00f3n; Gilberto Hern\u00e1ndez Villafuerte, de Soledad, San\nLuis Potos\u00ed, con 17.5 por ciento y Marina Vitela de G\u00f3mez Palacio, Durango con\n18.3 de aprobaci\u00f3n.<\/p>\n","protected":false},"excerpt":{"rendered":"<p>Yuridiana Sosa\/Zona Roja Oaxaca de Ju\u00e1rez, Oax., 2 de abril de 2020.- Las acciones implementadas&hellip;<\/p>\n","protected":false},"author":2,"featured_media":10661,"comment_status":"closed","ping_status":"open","sticky":false,"template":"","format":"standard","meta":{"_lmt_disableupdate":"","_lmt_disable":"","_jetpack_memberships_contains_paid_content":false,"footnotes":""},"categories":[109,47],"tags":[115],"class_list":["post-10660","post","type-post","status-publish","format-standard","has-post-thumbnail","hentry","category-minuto-a-minuto","category-zona-gris","tag-oswaldo-garcia-jarquin"],"jetpack_featured_media_url":"https:\/\/zonaroja.com.mx\/wp-content\/uploads\/2020\/04\/Encuesta-ediles.jpg","jetpack_sharing_enabled":true,"_links":{"self":[{"href":"https:\/\/zonaroja.com.mx\/index.php?rest_route=\/wp\/v2\/posts\/10660","targetHints":{"allow":["GET"]}}],"collection":[{"href":"https:\/\/zonaroja.com.mx\/index.php?rest_route=\/wp\/v2\/posts"}],"about":[{"href":"https:\/\/zonaroja.com.mx\/index.php?rest_route=\/wp\/v2\/types\/post"}],"author":[{"embeddable":true,"href":"https:\/\/zonaroja.com.mx\/index.php?rest_route=\/wp\/v2\/users\/2"}],"replies":[{"embeddable":true,"href":"https:\/\/zonaroja.com.mx\/index.php?rest_route=%2Fwp%2Fv2%2Fcomments&post=10660"}],"version-history":[{"count":1,"href":"https:\/\/zonaroja.com.mx\/index.php?rest_route=\/wp\/v2\/posts\/10660\/revisions"}],"predecessor-version":[{"id":10662,"href":"https:\/\/zonaroja.com.mx\/index.php?rest_route=\/wp\/v2\/posts\/10660\/revisions\/10662"}],"wp:featuredmedia":[{"embeddable":true,"href":"https:\/\/zonaroja.com.mx\/index.php?rest_route=\/wp\/v2\/media\/10661"}],"wp:attachment":[{"href":"https:\/\/zonaroja.com.mx\/index.php?rest_route=%2Fwp%2Fv2%2Fmedia&parent=10660"}],"wp:term":[{"taxonomy":"category","embeddable":true,"href":"https:\/\/zonaroja.com.mx\/index.php?rest_route=%2Fwp%2Fv2%2Fcategories&post=10660"},{"taxonomy":"post_tag","embeddable":true,"href":"https:\/\/zonaroja.com.mx\/index.php?rest_route=%2Fwp%2Fv2%2Ftags&post=10660"}],"curies":[{"name":"wp","href":"https:\/\/api.w.org\/{rel}","templated":true}]}}