{"id":10666,"date":"2020-04-03T15:35:26","date_gmt":"2020-04-03T21:35:26","guid":{"rendered":"http:\/\/www.zonaroja.com.mx\/?p=10666"},"modified":"2020-04-03T15:35:29","modified_gmt":"2020-04-03T21:35:29","slug":"activistas-piden-castigo-a-integrante-de-codep-por-violencia-feminicida","status":"publish","type":"post","link":"https:\/\/zonaroja.com.mx\/?p=10666","title":{"rendered":"Activistas piden castigo a integrante de Codep por violencia feminicida"},"content":{"rendered":"\n<p>Evlin Arag\u00f3n\/Zona Roja.<\/p>\n\n\n\n<p>Oaxaca de Ju\u00e1rez, Oax., 3 de abril de\n2020.- Mientras que organizaciones sociales y activistas piden al gobernador de\nOaxaca, Alejandro Murat Hinojosa, y al fiscal General Rub\u00e9n Vasconcelos M\u00e9ndez,\njusticia para una mujer presuntamente golpeada y atacada sexualmente por un\nmilitante de la Codep, integrantes de organizaciones sociales lo defienden y se\u00f1alan\ncomo preso pol\u00edtico.<\/p>\n\n\n\n<p>En un comunicado, decenas de activistas\npor los derechos de las mujeres exigieron protecci\u00f3n y atenci\u00f3n a la v\u00edctima de\nviolencia de g\u00e9nero y tentativa de femicidio, cuyo caso se registr\u00f3 la\nmadrugada del 29 marzo y qued\u00f3 grabado en video, mismo que se viraliz\u00f3 en las\nredes sociales el pasado 1 de abril.<\/p>\n\n\n\n<p>En \u00e9ste se puede ver la agresi\u00f3n de la\nque es v\u00edctima una joven mujer, que pide ayuda a gritos desde el interior de su\ncasa, por lo que incluso intervienen sus vecinos, uno de ellos el que filma el\nvideo que evidencia la violencia que ejerce Ernesto L. L., integrante del\nConsejo de Defensa de los Derechos del Pueblo (Codep), en contra de su pareja\nsentimental.<\/p>\n\n\n\n<p>Por lo anterior, las activistas y\norganizaciones sociales solicitaron la vinculaci\u00f3n a proceso del agresor,\ndetenido en flagrancia por polic\u00edas municipales y puesto a disposici\u00f3n de la\nFiscal\u00eda General del Estado de Oaxaca por los delitos de tentativa de\nfeminicidio y violaci\u00f3n.<\/p>\n\n\n\n<p>As\u00ed mismo, demandaron la detenci\u00f3n y\npuesta a disposici\u00f3n de las personas que impidieron que la v\u00edctima realizara su\ndeclaraci\u00f3n, como tambi\u00e9n qued\u00f3 registrado en un video difundido en las redes\nsociales y de lo cual se responsabiliza principalmente a Jaqueline L\u00f3pez\nAlmaz\u00e1n y Samuel Castellanos Pi\u00f1\u00f3n, ambos l\u00edderes de la Codep.<\/p>\n\n\n\n<p>\u201cLas organizaciones y personas\nfirmantes estamos convencidas que el acceso a la justicia para las mujeres\nv\u00edctimas de violencia puede ser una realidad si las autoridades cumplen con la\nley y se garantiza a las v\u00edctimas el acceso a sus derechos. En sus manos est\u00e1\nlograrlo\u201d, cita de documento.<\/p>\n\n\n\n<p>LO DEFIENDEN<\/p>\n\n\n\n<p>Mientras que integrantes del Movimiento\nNacional Unidad Democr\u00e1tica minimizaron las acusaciones en contra de Ernesto L.\nque lo se\u00f1alan como agresor sexual y potencial feminicida, y aseguraron que se\ntrata de una v\u00edctima de la enbestida del Estado en contra de activistas\nsociales.<\/p>\n\n\n\n<p>Pese a los videos existentes y\ndifundidos en las redes sociales, aseguraron que se trata de acusaciones falsas\ncomo parte de la persecuci\u00f3n pol\u00edtica de la que son v\u00edctimas los luchadores\nsociales en entidad oaxaque\u00f1a, incluso aseguraron que Ernesto L. es un preso\npol\u00edtico m\u00e1s, por lo que pidieron su liberaci\u00f3n inmediata.<\/p>\n\n\n\n<p>As\u00ed mismo reclamaron que no existe\nacusaci\u00f3n formal &#8211;dado que qued\u00f3 evidenciado que no se permiti\u00f3 a la v\u00edctima\ndeclarar&#8211;, por lo que calificaron su detenci\u00f3n como parte de los ataques y\ndesprestigio hacia la organizaci\u00f3n social que recientemente -por medio de\nintensos bloqueos- exigi\u00f3 soluci\u00f3n a sus demandas de justicia y respeto a sus\nderechos humanos.<\/p>\n\n\n\n<p>\u201cEn un escenario de aparente\n\u00abproblema\u00bb sin trascendencia alguna y sin que exista acusaci\u00f3n\ndirecta se ha detenido al compa\u00f1ero Ernesto L. L., con imputaciones falsas\ninvolucr\u00e1ndose personas ajenas y en la que se buscaron causales y escenarios\ninveros\u00edmiles y falsos, caso que denota una persecuci\u00f3n y represi\u00f3n por\nconsigna pol\u00edtica&#8230;\u201d es parte de lo que cita el comunicado.<\/p>\n\n\n\n<p>Finalmente, aseguraron que desde la\npasada movilizaci\u00f3n que realizaron a mediados del mes de marzo, las autoridades\nestatales ya preparaban una serie de argucias legales en contra de la\ndirigencia de la Codep, por lo que insistieron en la persecuci\u00f3n gubernamental\nde l\u00edderes sociales y la exigencia de su liberaci\u00f3n inmediata.<\/p>\n","protected":false},"excerpt":{"rendered":"<p>Evlin Arag\u00f3n\/Zona Roja. Oaxaca de Ju\u00e1rez, Oax., 3 de abril de 2020.- Mientras que organizaciones&hellip;<\/p>\n","protected":false},"author":2,"featured_media":10553,"comment_status":"closed","ping_status":"open","sticky":false,"template":"","format":"standard","meta":{"_lmt_disableupdate":"","_lmt_disable":"","_jetpack_memberships_contains_paid_content":false,"footnotes":""},"categories":[109,47],"tags":[1584],"class_list":["post-10666","post","type-post","status-publish","format-standard","has-post-thumbnail","hentry","category-minuto-a-minuto","category-zona-gris","tag-ernesto-l-codep"],"jetpack_featured_media_url":"https:\/\/zonaroja.com.mx\/wp-content\/uploads\/2020\/04\/Ernesto-L.-L..jpg","jetpack_sharing_enabled":true,"_links":{"self":[{"href":"https:\/\/zonaroja.com.mx\/index.php?rest_route=\/wp\/v2\/posts\/10666","targetHints":{"allow":["GET"]}}],"collection":[{"href":"https:\/\/zonaroja.com.mx\/index.php?rest_route=\/wp\/v2\/posts"}],"about":[{"href":"https:\/\/zonaroja.com.mx\/index.php?rest_route=\/wp\/v2\/types\/post"}],"author":[{"embeddable":true,"href":"https:\/\/zonaroja.com.mx\/index.php?rest_route=\/wp\/v2\/users\/2"}],"replies":[{"embeddable":true,"href":"https:\/\/zonaroja.com.mx\/index.php?rest_route=%2Fwp%2Fv2%2Fcomments&post=10666"}],"version-history":[{"count":1,"href":"https:\/\/zonaroja.com.mx\/index.php?rest_route=\/wp\/v2\/posts\/10666\/revisions"}],"predecessor-version":[{"id":10668,"href":"https:\/\/zonaroja.com.mx\/index.php?rest_route=\/wp\/v2\/posts\/10666\/revisions\/10668"}],"wp:featuredmedia":[{"embeddable":true,"href":"https:\/\/zonaroja.com.mx\/index.php?rest_route=\/wp\/v2\/media\/10553"}],"wp:attachment":[{"href":"https:\/\/zonaroja.com.mx\/index.php?rest_route=%2Fwp%2Fv2%2Fmedia&parent=10666"}],"wp:term":[{"taxonomy":"category","embeddable":true,"href":"https:\/\/zonaroja.com.mx\/index.php?rest_route=%2Fwp%2Fv2%2Fcategories&post=10666"},{"taxonomy":"post_tag","embeddable":true,"href":"https:\/\/zonaroja.com.mx\/index.php?rest_route=%2Fwp%2Fv2%2Ftags&post=10666"}],"curies":[{"name":"wp","href":"https:\/\/api.w.org\/{rel}","templated":true}]}}