{"id":10672,"date":"2020-04-03T17:28:22","date_gmt":"2020-04-03T23:28:22","guid":{"rendered":"http:\/\/www.zonaroja.com.mx\/?p=10672"},"modified":"2020-04-03T17:28:32","modified_gmt":"2020-04-03T23:28:32","slug":"toque-de-queda-en-san-agustin-etla-cierran-sitios-emblematicos-como-casa","status":"publish","type":"post","link":"https:\/\/zonaroja.com.mx\/?p=10672","title":{"rendered":"Toque de queda en San Agust\u00edn, Etla; cierran sitios emblem\u00e1ticos como CaSa"},"content":{"rendered":"\n<p>Evlin Arag\u00f3n\/Zona Roja.<\/p>\n\n\n\n<p>Oaxaca de Ju\u00e1rez, Oax., 3 de abril de\n2020.- Autoridades del municipio de San Agust\u00edn Etla determinaron en asamblea\nimplementar el toque de queda a partir de las 10 de la noche en la localidad,\ndebido a la contingencia por el Covid-19, por lo que queda prohibido deambular\nsin justificaci\u00f3n dentro de la comunidad.<\/p>\n\n\n\n<p>As\u00ed lo informaron a trav\u00e9s de un\ncomunicado en el que ponen de manifiesto que debido a los acuerdos emitidos por\nla Secretar\u00eda de Salud federal, el Cabildo determin\u00f3 suspender las actividades\ncomerciales, culturales y recreativas en las que pudiera generarse\nconglomeraci\u00f3n importante de personas e incrementar el riesgo de contagio de\ncoronavirus.<\/p>\n\n\n\n<p>Por lo anterior, se determin\u00f3 suspender\nlos servicios de balnearios -sumamente socorridos en esta temporada de Semana\nSanta-, el Centro de las Artes de San Agust\u00edn (CaSa), el Taller de Papel,\nrestaurantes y casa de hu\u00e9spedes principalmente, tal y como lo recomend\u00f3 el\nConsejo de Salubridad Federal. <\/p>\n\n\n\n<p>As\u00ed mismo, la autoridad municipal\nencabezada por Luis Rey Ortiz Santiago, determin\u00f3 restringir el acceso a la\ncomunidad a toda persona ajena a la misma, como ya ha sucedido en otras\ncomunidades en las que han decidido cerrar sus accesos para impedir la\npropagaci\u00f3n del virus que ataca a la poblaci\u00f3n mundial.<\/p>\n\n\n\n<p>San Agust\u00edn es uno de los municipios\ndel valle eteco m\u00e1s visitados durante esta temporada, debido a la variedad de\nbalnearios qu\u00e9 hay, adem\u00e1s de que es sede del CaSa, uno de los proyectos\nculturales m\u00e1s importantes que dej\u00f3 como legado el maestro Francisco Toledo.<\/p>\n\n\n\n<p>Con las medidas recientes, la localidad\nse une a otras como Capul\u00e1lpam de M\u00e9ndez, con la categor\u00eda de \u201cpueblo m\u00e1gico\u201d,\nque desde el pasado 22 de marzo decret\u00f3 toque de queda en esa comunidad\ntur\u00edstica de la Sierra Norte de Oaxaca.<\/p>\n\n\n\n<p>La prohibici\u00f3n de entrar y salir del\npueblo es de las 22:00 a la 05:59 horas, todos los d\u00edas, en que \u201cpermanecer\u00e1\ncerrado totalmente\u201d tanto a pobladores como visitantes, de acuerdo con lo\nexpuesto por el edil Adri\u00e1n Pedro Arreort\u00faa M\u00e9ndez.<\/p>\n\n\n\n<p>As\u00ed mismo autoridades de San Lorenzo\nAlbarradas, Villa de Zaachila, Santiago Juxtlahuaca, Juchit\u00e1n de Zaragoza,\nSantiago Astata han determinado la suspensi\u00f3n de la actividad comercial,\nrecreativa y tur\u00edstica a fin de evitar la conglomeraci\u00f3n de personas que\npudiera derivar en un contagio masivo del Covid-19.<\/p>\n","protected":false},"excerpt":{"rendered":"<p>Evlin Arag\u00f3n\/Zona Roja. Oaxaca de Ju\u00e1rez, Oax., 3 de abril de 2020.- Autoridades del municipio&hellip;<\/p>\n","protected":false},"author":2,"featured_media":10473,"comment_status":"closed","ping_status":"open","sticky":false,"template":"","format":"standard","meta":{"_lmt_disableupdate":"","_lmt_disable":"","_jetpack_memberships_contains_paid_content":false,"footnotes":""},"categories":[109,47],"tags":[940],"class_list":["post-10672","post","type-post","status-publish","format-standard","has-post-thumbnail","hentry","category-minuto-a-minuto","category-zona-gris","tag-san-agustin-etla"],"jetpack_featured_media_url":"https:\/\/zonaroja.com.mx\/wp-content\/uploads\/2020\/03\/CaSa.jpg","jetpack_sharing_enabled":true,"_links":{"self":[{"href":"https:\/\/zonaroja.com.mx\/index.php?rest_route=\/wp\/v2\/posts\/10672","targetHints":{"allow":["GET"]}}],"collection":[{"href":"https:\/\/zonaroja.com.mx\/index.php?rest_route=\/wp\/v2\/posts"}],"about":[{"href":"https:\/\/zonaroja.com.mx\/index.php?rest_route=\/wp\/v2\/types\/post"}],"author":[{"embeddable":true,"href":"https:\/\/zonaroja.com.mx\/index.php?rest_route=\/wp\/v2\/users\/2"}],"replies":[{"embeddable":true,"href":"https:\/\/zonaroja.com.mx\/index.php?rest_route=%2Fwp%2Fv2%2Fcomments&post=10672"}],"version-history":[{"count":1,"href":"https:\/\/zonaroja.com.mx\/index.php?rest_route=\/wp\/v2\/posts\/10672\/revisions"}],"predecessor-version":[{"id":10673,"href":"https:\/\/zonaroja.com.mx\/index.php?rest_route=\/wp\/v2\/posts\/10672\/revisions\/10673"}],"wp:featuredmedia":[{"embeddable":true,"href":"https:\/\/zonaroja.com.mx\/index.php?rest_route=\/wp\/v2\/media\/10473"}],"wp:attachment":[{"href":"https:\/\/zonaroja.com.mx\/index.php?rest_route=%2Fwp%2Fv2%2Fmedia&parent=10672"}],"wp:term":[{"taxonomy":"category","embeddable":true,"href":"https:\/\/zonaroja.com.mx\/index.php?rest_route=%2Fwp%2Fv2%2Fcategories&post=10672"},{"taxonomy":"post_tag","embeddable":true,"href":"https:\/\/zonaroja.com.mx\/index.php?rest_route=%2Fwp%2Fv2%2Ftags&post=10672"}],"curies":[{"name":"wp","href":"https:\/\/api.w.org\/{rel}","templated":true}]}}