{"id":10674,"date":"2020-04-03T19:39:18","date_gmt":"2020-04-04T01:39:18","guid":{"rendered":"http:\/\/www.zonaroja.com.mx\/?p=10674"},"modified":"2020-04-03T19:39:21","modified_gmt":"2020-04-04T01:39:21","slug":"suspende-profeco-tortillerias-en-oaxaca-hay-denuncias-por-incrementar-los-precios","status":"publish","type":"post","link":"https:\/\/zonaroja.com.mx\/?p=10674","title":{"rendered":"Suspende Profeco tortiller\u00edas en Oaxaca, hay denuncias por incrementar los precios"},"content":{"rendered":"\n<p>Evlin Arag\u00f3n\/Zona Roja.<\/p>\n\n\n\n<p>Oaxaca de Ju\u00e1rez, Oax., 3 de abril de\n2020.- La delegaci\u00f3n en Oaxaca de la Procuradur\u00eda Federal del Consumidor\n(Profeco), suspendi\u00f3 dos establecimientos de expendi\u00f3 de tortillas, ubicados en\nla regi\u00f3n de Valles Centrales, debido al incremento injustificado en el precio\ndel producto, en plena contingencia por la pandemia mundial del Covid-19.<\/p>\n\n\n\n<p>Se trata de las primeras suspensiones\nque se realizan como parte de las fisuras de verificaci\u00f3n que realiz\u00f3 la\ndependencia federal, en el marco de un operativo nacional y en respuesta a las\ndiversas denuncias ciudadanas recibidas, por lo que independientemente de la\nsuspensi\u00f3n los establecimientos ya enfrentan procedimientos administrativos al\nrespecto.<\/p>\n\n\n\n<p>As\u00ed lo dio a conocer la responsable de\nla instancia, Lourdes Santiago Cruz, quien asegur\u00f3 que cumpliendo con la ardua\nlabor que en estos momentos realizan, se comprob\u00f3&nbsp; la existencia de un aumento de precio\ninjustificado por lo que se procedi\u00f3 a practicar los protocolos\ncorrespondientes.<\/p>\n\n\n\n<p>\u201cS\u00ed hubo denuncias por incremento de\nprecio injustificado en el precio de la tortilla, en Oaxaca hicimos tres\nvisitas de verificaci\u00f3n de las cuales dos se concretaron y colocamos sellos de\nsuspensi\u00f3n en los establecimientos ubicados en Valles Centrales\u201d, dijo la\nfuncionaria federal.<\/p>\n\n\n\n<p>Se trata, dijo, de peque\u00f1os\nestablecimientos de car\u00e1cter local que ya enfrentan procedimientos\nadministrativos y van a tener que apersonarse ante la dependencia que, conforme\na sus competencias, determinar\u00e1 las sanciones que podr\u00edan ser de una multa\necon\u00f3mica para quienes aprovechando la contingencia sanitaria pretendan abusar\nde las y los consumidores.<\/p>\n\n\n\n<p>A nivel nacional fueron 68 tortilleras\nlas que fueron suspendidas, tras las denuncias realizadas y los operativos que\nse dieron a consecuencia; los sellos de suspensi\u00f3n se colocaron por vender\ninjustificadamente alto el precio del kilo de tortilla.<\/p>\n\n\n\n<p>As\u00ed lo dio a conocer la dependencia\nencabezada por Ricardo Sheffield Padilla a trav\u00e9s de un comunicado, en el cual\nse especific\u00f3 que el precio promedio del kilo de tortilla es de 15.50 pesos,\npor lo que establecimientos que incurran en el alza injustificada podr\u00edan\nrecibir multas de hasta tres millones de pesos.<\/p>\n\n\n\n<p>De acuerdo con el funcionario en el\noperativo nacional cinco establecimientos se negaron a que se les colocaran los\nsellos de suspensi\u00f3n. Algunas de las tortiller\u00edas incrementaron entre $4.00 y\n$6.00 el kilo de tortilla con respecto al precio que ven\u00edan dando d\u00edas atr\u00e1s.<\/p>\n","protected":false},"excerpt":{"rendered":"<p>Evlin Arag\u00f3n\/Zona Roja. Oaxaca de Ju\u00e1rez, Oax., 3 de abril de 2020.- La delegaci\u00f3n en&hellip;<\/p>\n","protected":false},"author":2,"featured_media":10675,"comment_status":"closed","ping_status":"open","sticky":false,"template":"","format":"standard","meta":{"_lmt_disableupdate":"","_lmt_disable":"","_jetpack_memberships_contains_paid_content":false,"footnotes":""},"categories":[109,47],"tags":[788],"class_list":["post-10674","post","type-post","status-publish","format-standard","has-post-thumbnail","hentry","category-minuto-a-minuto","category-zona-gris","tag-profeco-oaxaca"],"jetpack_featured_media_url":"https:\/\/zonaroja.com.mx\/wp-content\/uploads\/2020\/04\/Profeco-tortiller\u00edas.jpg","jetpack_sharing_enabled":true,"_links":{"self":[{"href":"https:\/\/zonaroja.com.mx\/index.php?rest_route=\/wp\/v2\/posts\/10674","targetHints":{"allow":["GET"]}}],"collection":[{"href":"https:\/\/zonaroja.com.mx\/index.php?rest_route=\/wp\/v2\/posts"}],"about":[{"href":"https:\/\/zonaroja.com.mx\/index.php?rest_route=\/wp\/v2\/types\/post"}],"author":[{"embeddable":true,"href":"https:\/\/zonaroja.com.mx\/index.php?rest_route=\/wp\/v2\/users\/2"}],"replies":[{"embeddable":true,"href":"https:\/\/zonaroja.com.mx\/index.php?rest_route=%2Fwp%2Fv2%2Fcomments&post=10674"}],"version-history":[{"count":1,"href":"https:\/\/zonaroja.com.mx\/index.php?rest_route=\/wp\/v2\/posts\/10674\/revisions"}],"predecessor-version":[{"id":10676,"href":"https:\/\/zonaroja.com.mx\/index.php?rest_route=\/wp\/v2\/posts\/10674\/revisions\/10676"}],"wp:featuredmedia":[{"embeddable":true,"href":"https:\/\/zonaroja.com.mx\/index.php?rest_route=\/wp\/v2\/media\/10675"}],"wp:attachment":[{"href":"https:\/\/zonaroja.com.mx\/index.php?rest_route=%2Fwp%2Fv2%2Fmedia&parent=10674"}],"wp:term":[{"taxonomy":"category","embeddable":true,"href":"https:\/\/zonaroja.com.mx\/index.php?rest_route=%2Fwp%2Fv2%2Fcategories&post=10674"},{"taxonomy":"post_tag","embeddable":true,"href":"https:\/\/zonaroja.com.mx\/index.php?rest_route=%2Fwp%2Fv2%2Ftags&post=10674"}],"curies":[{"name":"wp","href":"https:\/\/api.w.org\/{rel}","templated":true}]}}