{"id":10681,"date":"2020-04-03T21:21:57","date_gmt":"2020-04-04T03:21:57","guid":{"rendered":"http:\/\/www.zonaroja.com.mx\/?p=10681"},"modified":"2020-04-03T21:22:01","modified_gmt":"2020-04-04T03:22:01","slug":"se-declara-en-sesion-permanente-comision-de-proteccion-civil-del-congreso","status":"publish","type":"post","link":"https:\/\/zonaroja.com.mx\/?p=10681","title":{"rendered":"Se declara en sesi\u00f3n permanente Comisi\u00f3n de Protecci\u00f3n Civil del Congreso"},"content":{"rendered":"\n<p>Redacci\u00f3n\/Zona Roja.<\/p>\n\n\n\n<p>San Raymundo Jalpan, Oax. 3 de abril de\n2020.-&nbsp; La Comisi\u00f3n de Protecci\u00f3n Civil\ndel Congreso de Oaxaca se declar\u00f3 este d\u00eda en Sesi\u00f3n Permanente, para articular\nlas acciones de control y atenci\u00f3n que realizan los gobiernos federal y estatal,\nconjuntamente con los ayuntamientos, durante la Emergencia Sanitaria Nacional\npor el coronavirus (Covid-19).<\/p>\n\n\n\n<p>Durante la reuni\u00f3n efectuada hoy, el\ndiputado Horacio Sosa, presidente de la Junta de Coordinaci\u00f3n Pol\u00edtica,\nreconoci\u00f3 el trabajo de 314 ayuntamientos que ya han integrado sus respectivos\nConsejos Municipales de Protecci\u00f3n Civil, para enfrentar de manera coordinada\nlos trabajos sanitarios y proteger la salud de la poblaci\u00f3n.<\/p>\n\n\n\n<p>En la sala audiovisual del Poder\nLegislativo, el presidente de la Comisi\u00f3n, Oth\u00f3n Cuevas C\u00f3rdova, recomend\u00f3\nfortalecer la coordinaci\u00f3n de acciones y actividades conjuntas, entre los\ndiferentes \u00f3rdenes de gobierno de acuerdo con lo establecido en la Ley General\nde Protecci\u00f3n Civil.<\/p>\n\n\n\n<p>Refiri\u00f3 que ha constatado c\u00f3mo las\nautoridades municipales, mediante el uso de altoparlantes, fijos y m\u00f3viles,\nllaman a los paisanos, que en esta temporada regresan de los Estados Unidos, a\nque permanezcan en sus domicilios, para protegerse ellos, sus familias y sus\nvecinos, de la propagaci\u00f3n del virus.<\/p>\n\n\n\n<p>Sostuvo que la Comisi\u00f3n a su cargo, se\ndeclara en Sesi\u00f3n Permanente y desde el Congreso de Oaxaca, coordinadamente con\nlos otros poderes, se establecer\u00e1 un frente com\u00fan para atender, de manera\nintegral, la actual situaci\u00f3n de emergencia.<\/p>\n\n\n\n<p>A su vez, la legisladora Arcelia L\u00f3pez\nHern\u00e1ndez y su hom\u00f3logo Arsenio Lorenzo Mej\u00eda Garc\u00eda, se pronunciaron respecto\na la importancia de atender a la poblaci\u00f3n migrante ind\u00edgena, que retorna a sus\ncomunidades de origen, ante el descenso de las actividades productivas en los\nEUA. <\/p>\n\n\n\n<p>A ellos se debe procurar un entorno de\nprotecci\u00f3n a sus derechos humanos, as\u00ed como mecanismos \u00e1giles de traslado de\npersonas y medicamentos, ya que muchas comunidades est\u00e1n alejadas de los\ncentros urbanos.<\/p>\n\n\n\n<p>Invitado al encuentro, el titular de la\nCoordinaci\u00f3n Estatal de Protecci\u00f3n Civil de Oaxaca (CEPCO), Heliodoro D\u00edaz\nEsc\u00e1rraga, inform\u00f3 ante la representaci\u00f3n popular, que entre las acciones\ndesarrolladas por la dependencia, se analiza el uso de los 13 altoparlantes del\nSistema de Alerta S\u00edsmica, para emitir avisos y recomendaciones durante la\nemergencia sanitaria.<\/p>\n\n\n\n<p>Inform\u00f3 a los legisladoras las nuevas\ndisposiciones dadas a conocer por el Gobierno del Estado ante la emergencia,\nque incluye el cierre de servicios no indispensables y actividades comerciales\nno esenciales, as\u00ed como los sitios, instalaciones y servicios privados y de\nemergencia que estar\u00e1n abiertos con estrictas medidas sanitarias.<\/p>\n\n\n\n<p>Tambi\u00e9n, pidi\u00f3 el apoyo de los\ndiputados a fin de supervisar el funcionamiento de los Comit\u00e9s Municipales de\nProtecci\u00f3n Civil. Inform\u00f3 que de los 256 organismos municipales, 160 ya se\nencuentran instalados en sesi\u00f3n permanente, as\u00ed como la organizaci\u00f3n de 606\nalbergues en el territorio estatal que podr\u00edan ser utilizados para diversos\nfines durante la contingencia sanitaria.<\/p>\n","protected":false},"excerpt":{"rendered":"<p>Redacci\u00f3n\/Zona Roja. San Raymundo Jalpan, Oax. 3 de abril de 2020.-&nbsp; La Comisi\u00f3n de Protecci\u00f3n&hellip;<\/p>\n","protected":false},"author":2,"featured_media":10682,"comment_status":"closed","ping_status":"open","sticky":false,"template":"","format":"standard","meta":{"_lmt_disableupdate":"","_lmt_disable":"","_jetpack_memberships_contains_paid_content":false,"footnotes":""},"categories":[109,46],"tags":[213],"class_list":["post-10681","post","type-post","status-publish","format-standard","has-post-thumbnail","hentry","category-minuto-a-minuto","category-zona-blanca","tag-64-legislatura-de-oaxaca"],"jetpack_featured_media_url":"https:\/\/zonaroja.com.mx\/wp-content\/uploads\/2020\/04\/Comisi\u00f3n-de-Protecci\u00f3n-Civil-del-Congreso-Local.jpg","jetpack_sharing_enabled":true,"_links":{"self":[{"href":"https:\/\/zonaroja.com.mx\/index.php?rest_route=\/wp\/v2\/posts\/10681","targetHints":{"allow":["GET"]}}],"collection":[{"href":"https:\/\/zonaroja.com.mx\/index.php?rest_route=\/wp\/v2\/posts"}],"about":[{"href":"https:\/\/zonaroja.com.mx\/index.php?rest_route=\/wp\/v2\/types\/post"}],"author":[{"embeddable":true,"href":"https:\/\/zonaroja.com.mx\/index.php?rest_route=\/wp\/v2\/users\/2"}],"replies":[{"embeddable":true,"href":"https:\/\/zonaroja.com.mx\/index.php?rest_route=%2Fwp%2Fv2%2Fcomments&post=10681"}],"version-history":[{"count":1,"href":"https:\/\/zonaroja.com.mx\/index.php?rest_route=\/wp\/v2\/posts\/10681\/revisions"}],"predecessor-version":[{"id":10683,"href":"https:\/\/zonaroja.com.mx\/index.php?rest_route=\/wp\/v2\/posts\/10681\/revisions\/10683"}],"wp:featuredmedia":[{"embeddable":true,"href":"https:\/\/zonaroja.com.mx\/index.php?rest_route=\/wp\/v2\/media\/10682"}],"wp:attachment":[{"href":"https:\/\/zonaroja.com.mx\/index.php?rest_route=%2Fwp%2Fv2%2Fmedia&parent=10681"}],"wp:term":[{"taxonomy":"category","embeddable":true,"href":"https:\/\/zonaroja.com.mx\/index.php?rest_route=%2Fwp%2Fv2%2Fcategories&post=10681"},{"taxonomy":"post_tag","embeddable":true,"href":"https:\/\/zonaroja.com.mx\/index.php?rest_route=%2Fwp%2Fv2%2Ftags&post=10681"}],"curies":[{"name":"wp","href":"https:\/\/api.w.org\/{rel}","templated":true}]}}