{"id":10690,"date":"2020-04-04T09:40:22","date_gmt":"2020-04-04T15:40:22","guid":{"rendered":"http:\/\/www.zonaroja.com.mx\/?p=10690"},"modified":"2020-04-04T09:40:27","modified_gmt":"2020-04-04T15:40:27","slug":"alertan-de-caso-positivo-de-covid-19-en-san-sebastian-teitipac","status":"publish","type":"post","link":"https:\/\/zonaroja.com.mx\/?p=10690","title":{"rendered":"Alertan de caso positivo de Covid-19 en San Sebasti\u00e1n Teitipac"},"content":{"rendered":"\n<p>Yuridiana Sosa\/Zona Roja.<\/p>\n\n\n\n<p>Oaxaca de Ju\u00e1rez, Oax., 03 de abril de\n2020.- Autoridades municipales de San Sebasti\u00e1n Teitipac, de la regi\u00f3n de\nValles Centrales, alert\u00f3 a su poblaci\u00f3n a extremar medidas de prevenci\u00f3n debido\na que se confirm\u00f3 un paciente por Covid-19 en ese asentamiento.<\/p>\n\n\n\n<p>A trav\u00e9s de un comunicado, con fecha\ndel 3 de abril, el ayuntamiento indic\u00f3 que \u201cdesafortunadamente tenemos un caso\npositivo de Convid-19 en la poblaci\u00f3n\u201d, mismo que fue notificado por la\nJurisdicci\u00f3n Sanitaria n\u00famero 6, Sierra, de los Servicios de Salud de Oaxaca.<\/p>\n\n\n\n<p>La autoridad municipio pidi\u00f3 a la\npoblaci\u00f3n \u201cque se abstengan\u201d de salir de sus hogares para evitar m\u00e1s contagios.<\/p>\n\n\n\n<p>Seg\u00fan la fecha del oficio, este caso qued\u00f3\nfuera del conteo de contagios confirmados en la entidad; de acuerdo con el\ncomunicado t\u00e9cnico diario que emite Servicios de Salud de Oaxaca, este viernes\nse mantuvo en 22 casos positivos, misma cifra que se dio a conocer el jueves.<\/p>\n\n\n\n<p>Ante ese caso, Santa Cruz Papalutla,\nmunicipio vecino de Teitipac, emiti\u00f3 tambi\u00e9n su comunicado para exhortar a su\npoblaci\u00f3n a evitar transitar hacia dicha comunidad, adem\u00e1s de observar todas\nlas recomendaciones del sector salud para evitar contagios.<\/p>\n\n\n\n<p>CUENQUE\u00d1A MUERE EN QR<\/p>\n\n\n\n<p>Por otra parte, una mujer de 50 a\u00f1os de\nedad, originaria del municipio de San Jos\u00e9 Chiltepec, en la regi\u00f3n de la Cuenca\ndel Papaloapan, muri\u00f3 v\u00edctima del coronavirus.<\/p>\n\n\n\n<p>Familiares de la mujer indicaron que su\nmuerte se registr\u00f3 este viernes en Canc\u00fan, Quintana Roo.<\/p>\n\n\n\n<p>Los restos de la v\u00edctima fueron\nincinerados por el mismo nosocomio donde falleci\u00f3, informaron.<\/p>\n\n\n\n<p>Sin embargo, el hecho provoc\u00f3 inquietud\nen la poblaci\u00f3n, quienes temen que algunos familiares pudieran ser portadores\ndel virus por probables visitas a su familiar.<\/p>\n","protected":false},"excerpt":{"rendered":"<p>Yuridiana Sosa\/Zona Roja. Oaxaca de Ju\u00e1rez, Oax., 03 de abril de 2020.- Autoridades municipales de&hellip;<\/p>\n","protected":false},"author":2,"featured_media":10691,"comment_status":"closed","ping_status":"open","sticky":false,"template":"","format":"standard","meta":{"_lmt_disableupdate":"","_lmt_disable":"","_jetpack_memberships_contains_paid_content":false,"footnotes":""},"categories":[109,47],"tags":[1512],"class_list":["post-10690","post","type-post","status-publish","format-standard","has-post-thumbnail","hentry","category-minuto-a-minuto","category-zona-gris","tag-coronavirus-oaxaca"],"jetpack_featured_media_url":"https:\/\/zonaroja.com.mx\/wp-content\/uploads\/2020\/04\/0fe63759-1d31-4b4d-a09b-06d0d3ca7a67.jpg","jetpack_sharing_enabled":true,"_links":{"self":[{"href":"https:\/\/zonaroja.com.mx\/index.php?rest_route=\/wp\/v2\/posts\/10690","targetHints":{"allow":["GET"]}}],"collection":[{"href":"https:\/\/zonaroja.com.mx\/index.php?rest_route=\/wp\/v2\/posts"}],"about":[{"href":"https:\/\/zonaroja.com.mx\/index.php?rest_route=\/wp\/v2\/types\/post"}],"author":[{"embeddable":true,"href":"https:\/\/zonaroja.com.mx\/index.php?rest_route=\/wp\/v2\/users\/2"}],"replies":[{"embeddable":true,"href":"https:\/\/zonaroja.com.mx\/index.php?rest_route=%2Fwp%2Fv2%2Fcomments&post=10690"}],"version-history":[{"count":1,"href":"https:\/\/zonaroja.com.mx\/index.php?rest_route=\/wp\/v2\/posts\/10690\/revisions"}],"predecessor-version":[{"id":10692,"href":"https:\/\/zonaroja.com.mx\/index.php?rest_route=\/wp\/v2\/posts\/10690\/revisions\/10692"}],"wp:featuredmedia":[{"embeddable":true,"href":"https:\/\/zonaroja.com.mx\/index.php?rest_route=\/wp\/v2\/media\/10691"}],"wp:attachment":[{"href":"https:\/\/zonaroja.com.mx\/index.php?rest_route=%2Fwp%2Fv2%2Fmedia&parent=10690"}],"wp:term":[{"taxonomy":"category","embeddable":true,"href":"https:\/\/zonaroja.com.mx\/index.php?rest_route=%2Fwp%2Fv2%2Fcategories&post=10690"},{"taxonomy":"post_tag","embeddable":true,"href":"https:\/\/zonaroja.com.mx\/index.php?rest_route=%2Fwp%2Fv2%2Ftags&post=10690"}],"curies":[{"name":"wp","href":"https:\/\/api.w.org\/{rel}","templated":true}]}}