{"id":10694,"date":"2020-04-04T10:42:11","date_gmt":"2020-04-04T16:42:11","guid":{"rendered":"http:\/\/www.zonaroja.com.mx\/?p=10694"},"modified":"2020-04-04T10:42:15","modified_gmt":"2020-04-04T16:42:15","slug":"insisten-en-que-se-designe-a-profesional-de-la-medicina-al-frente-de-los-sso","status":"publish","type":"post","link":"https:\/\/zonaroja.com.mx\/?p=10694","title":{"rendered":"Insisten en que se designe a profesional de la medicina al frente de los SSO"},"content":{"rendered":"\n<p>Redacci\u00f3n\/Zona Roja.<\/p>\n\n\n\n<p>Oaxaca de Ju\u00e1rez, Oax., 4 de abril de\n2020.- Ante el pr\u00f3ximo relevo en los Servicios de Salud de Oaxaca (SSO), diversos\ngremios de profesionistas y otros sectores de sindicalizados se unieron al\nexhorto para que el pr\u00f3ximo titular de la dependencia sea un m\u00e9dico, con\nexperiencia y capacidad profesional.<\/p>\n\n\n\n<p>Tras difundirse el reemplazo del\nlicenciado Donato Casas Escamilla, debido a que &#8211;seg\u00fan las propias fuentes\noficiales&#8211; ha sido rebasado por la pandemia, la semana pasada, integrantes del\nPoder Legislativo, se pronunciaron al respecto.<\/p>\n\n\n\n<p>Fue el diputado Horacio Sosa\nVillavicencio quien expuso el pasado 1 de abril que la dependencia sea\nencabezada por una persona con capacidad y conocimiento probado en la materia.<\/p>\n\n\n\n<p>Con la decisi\u00f3n del nuevo nombramiento\n\u201cest\u00e1 en juego la vida de los oaxaque\u00f1os\u201d, se\u00f1al\u00f3 el legislador por Morena, por\nlo que consider\u00f3 de la m\u00e1xima importancia valorar detenidamente las capacidades\ny los conocimientos de quien ocupar\u00e1 el cargo, pues el c\u00f3mo se aborde la\nemergencia por la epidemia determinar\u00e1 tambi\u00e9n la gravedad de los impactos\necon\u00f3micos, sociales y humanos de la actual contingencia, expuso entonces.<\/p>\n\n\n\n<p>Este fin de semana, surgieron m\u00e1s posturas\nde m\u00e9dicos y enfermeras, que manifestaron su descontento con el actual titular\nde los Servicios de Salud, Donato Casas, de quien acusan no cubre el perfil\npara afrontar esta problem\u00e1tica de salud.<\/p>\n\n\n\n<p>De acuerdo con trabajadores de los\ndiferentes sindicatos de salud, los SSO necesitan ser encabezados por un perfil\nde m\u00e9dico no el de un administrador, como lo es Casas Escamilla. <\/p>\n\n\n\n<p>Se\u00f1alaron que muestra de lo anterior,\nes que en los \u00faltimos d\u00edas en medio de la contingencia se ha notado la\nineficiencia de operaci\u00f3n del a\u00fan funcionario, quien al no tener los estudios\nnecesarios que se ocupan en el \u00e1rea m\u00e9dica, se ha visto rebasado y perdido ante\nla situaci\u00f3n.<\/p>\n\n\n\n<p>\u201cLos ciudadanos, as\u00ed como los\ntrabajadores del sector salud exigimos a la administraci\u00f3n estatal la llegada\nde un aut\u00e9ntico y legitimo m\u00e9dico de profesi\u00f3n para que sea este quien enfrente\na la pandemia del Covid-19, ya que esta es una gran responsabilidad, y por el\nmomento no hay quien tenga la visi\u00f3n en la materia\u201d, expusieron.<\/p>\n\n\n\n<p>Insistieron adem\u00e1s en que, como ha sido\ndado a conocer p\u00fablicamente, la denuncia en contra de actuales y anteriores\ntitulares de los Servicios de Salud se indaguen a la brevedad y se castigue a\nquienes resulten responsables, pues no es posible que se malverse los recursos\ndestinados a la salud de los oaxaque\u00f1os.<\/p>\n","protected":false},"excerpt":{"rendered":"<p>Redacci\u00f3n\/Zona Roja. Oaxaca de Ju\u00e1rez, Oax., 4 de abril de 2020.- Ante el pr\u00f3ximo relevo&hellip;<\/p>\n","protected":false},"author":2,"featured_media":10695,"comment_status":"closed","ping_status":"open","sticky":false,"template":"","format":"standard","meta":{"_lmt_disableupdate":"","_lmt_disable":"","_jetpack_memberships_contains_paid_content":false,"footnotes":""},"categories":[109,47],"tags":[1005],"class_list":["post-10694","post","type-post","status-publish","format-standard","has-post-thumbnail","hentry","category-minuto-a-minuto","category-zona-gris","tag-servicios-de-salud-de-oaxaca-sso"],"jetpack_featured_media_url":"https:\/\/zonaroja.com.mx\/wp-content\/uploads\/2020\/04\/5a2b623c-f298-4cd9-839a-0bce867b6406.jpg","jetpack_sharing_enabled":true,"_links":{"self":[{"href":"https:\/\/zonaroja.com.mx\/index.php?rest_route=\/wp\/v2\/posts\/10694","targetHints":{"allow":["GET"]}}],"collection":[{"href":"https:\/\/zonaroja.com.mx\/index.php?rest_route=\/wp\/v2\/posts"}],"about":[{"href":"https:\/\/zonaroja.com.mx\/index.php?rest_route=\/wp\/v2\/types\/post"}],"author":[{"embeddable":true,"href":"https:\/\/zonaroja.com.mx\/index.php?rest_route=\/wp\/v2\/users\/2"}],"replies":[{"embeddable":true,"href":"https:\/\/zonaroja.com.mx\/index.php?rest_route=%2Fwp%2Fv2%2Fcomments&post=10694"}],"version-history":[{"count":1,"href":"https:\/\/zonaroja.com.mx\/index.php?rest_route=\/wp\/v2\/posts\/10694\/revisions"}],"predecessor-version":[{"id":10696,"href":"https:\/\/zonaroja.com.mx\/index.php?rest_route=\/wp\/v2\/posts\/10694\/revisions\/10696"}],"wp:featuredmedia":[{"embeddable":true,"href":"https:\/\/zonaroja.com.mx\/index.php?rest_route=\/wp\/v2\/media\/10695"}],"wp:attachment":[{"href":"https:\/\/zonaroja.com.mx\/index.php?rest_route=%2Fwp%2Fv2%2Fmedia&parent=10694"}],"wp:term":[{"taxonomy":"category","embeddable":true,"href":"https:\/\/zonaroja.com.mx\/index.php?rest_route=%2Fwp%2Fv2%2Fcategories&post=10694"},{"taxonomy":"post_tag","embeddable":true,"href":"https:\/\/zonaroja.com.mx\/index.php?rest_route=%2Fwp%2Fv2%2Ftags&post=10694"}],"curies":[{"name":"wp","href":"https:\/\/api.w.org\/{rel}","templated":true}]}}