{"id":10697,"date":"2020-04-04T11:56:38","date_gmt":"2020-04-04T17:56:38","guid":{"rendered":"http:\/\/www.zonaroja.com.mx\/?p=10697"},"modified":"2020-04-04T11:56:42","modified_gmt":"2020-04-04T17:56:42","slug":"insisten-en-reconexion-de-agua-para-ayutla-gobierno-se-declara-imposibilitado","status":"publish","type":"post","link":"https:\/\/zonaroja.com.mx\/?p=10697","title":{"rendered":"Insisten en reconexi\u00f3n de agua para Ayutla, gobierno se declara imposibilitado"},"content":{"rendered":"\n<p>Evlin Arag\u00f3n\/Zona Roja.<\/p>\n\n\n\n<p>Oaxaca de Ju\u00e1rez, Oax., 4 de abril de\n2020.- La reconocida cantante mexicana Julieta Venegas se uni\u00f3 a la lista de\npersonas que se han pronunciado en exigencia de que las autoridades estatales\ngaranticen el servicio de agua potable a la comunidad de San Pedro y San Pablo\nAyutla, que desde hace casi tres a\u00f1os ha visto vulnerado su derecho humano.<\/p>\n\n\n\n<p>\u201cQue este mensaje llegue a todos lados,\nen una comunidad en Oaxaca, llamada Ayutla, hace 1033 d\u00edas que les arrebataron\nel agua. Viven sin agua gente, vamos a hacer mucho ruido a ver si escuchan las\nautoridades, a ver si hacen algo! @alejandromurat #AguaParaAyutlaYA\u201d, public\u00f3\nla cantante y compositora en su cuenta de Twitter.<\/p>\n\n\n\n<p>Recientemente, Julieta Venegas estuvo en el municipio serrano para grabar la canci\u00f3n \u201cAndamos huyendo\u201d acompa\u00f1ada de la Banda Filarm\u00f3nica de Ayutla, visita en la que pudo percatarse de la situaci\u00f3n a la que se enfrenta la localidad y que hoy en d\u00eda complica a sus habitantes hacerle frente a la pandemia del Covid-19.<\/p>\n\n\n\n<figure class=\"wp-block-embed-twitter wp-block-embed is-type-rich is-provider-twitter\"><div class=\"wp-block-embed__wrapper\">\n<div class=\"twitter-tweet\"><blockquote class=\"twitter-tweet\" data-lang=\"es\"><p lang=\"es\" dir=\"ltr\">1032 d\u00edas sin agua en Ayutla, ella es nan Mar\u00eda, el 18 de Mayo fue despojada con su familia de tierras y su casa, a los 15 d\u00edas mataron a balazos a su hijo y su nuera fue secuestrada por los grupos armados. No entiende por que no hay justicia <a href=\"https:\/\/twitter.com\/hashtag\/AguaParaAyutlaYA?src=hash&amp;ref_src=twsrc%5Etfw\">#AguaParaAyutlaYA<\/a> <a href=\"https:\/\/twitter.com\/M_OlgaSCordero?ref_src=twsrc%5Etfw\">@M_OlgaSCordero<\/a> <a href=\"https:\/\/t.co\/Px8LuiQSiv\">pic.twitter.com\/Px8LuiQSiv<\/a><\/p>&mdash; Joaqu\u00edn Galv\u00e1n (@quinomixe) <a href=\"https:\/\/twitter.com\/quinomixe\/status\/1246136873094762496?ref_src=twsrc%5Etfw\">3 de abril de 2020<\/a><\/blockquote><\/div>\n<\/div><\/figure>\n\n\n\n<p>Desde el pasado jueves se organiz\u00f3 un\n\u201ctuitazo\u201d en el que decenas de personas respaldaron a las y los habitantes de\nla comunidad ubicada en la Sierra Norte de Oaxaca y que desde hace m\u00e1s de mil\nd\u00edas carece del servicio de agua, sin que las autoridades estatales realicen la\nreconexi\u00f3n prometida para agosto del 2019.<\/p>\n\n\n\n<p>En la acci\u00f3n digital se posicion\u00f3 en\nredes el hashtag (etiqueta) #AguaParaAyutlaYa, el cual fue replicado en cientos\nde ocasiones, al igual que se pidi\u00f3 etiquetar a las autoridades estatales y\nfederales para recordarles el grave pendiente que tiene con la comunidad mixe.<\/p>\n\n\n\n<p>EMITEN POSTURA<\/p>\n\n\n\n<p>Debido a lo anterior el gobierno de\nOaxaca, emiti\u00f3 un comunicado s\u00f3lo en redes sociales, con fecha del 3 de abril,\nen el que argumenta la permanencia de un conflicto agrario entre San Pedro y\nSan Pablo Ayutla y sus vecinos de Tamazul\u00e1pam del Esp\u00edritu Santo, que impide\nque los primeros tengo acceso al manantial que abastece de agua potable a la\nlocalidad.<\/p>\n\n\n\n<p>As\u00ed mismo evidencia la existencia de\njuicios de amparo interpuestos por ambas comunidades que impiden que el\nGobierno del Estado realice acciones para conseguir la reconexi\u00f3n del servicio\nde agua potable, responsabilizando as\u00ed a las comunidades de la situaci\u00f3n que ha\nido escalando en los \u00faltimos tres a\u00f1os por lo que incluso les pidi\u00f3 se desistan\nde los procedimientos jur\u00eddicos para poder actuar en consecuencia.<\/p>\n\n\n\n<p>Lo anterior fue duramente criticado por la reconocida ling\u00fcista y activista Y\u00e1snaya Aguilar Gil, quien calific\u00f3 de mentira lo expuesto por el gobierno de Oaxaca, asegurando que ninguna suspensi\u00f3n -derivada de los juicios de amparos existentes- impide al gobierno reconectar el servicio a la comunidad.<\/p>\n\n\n\n<figure class=\"wp-block-embed-twitter wp-block-embed is-type-rich is-provider-twitter\"><div class=\"wp-block-embed__wrapper\">\n<div class=\"twitter-tweet\"><blockquote class=\"twitter-tweet\" data-lang=\"es\"><p lang=\"es\" dir=\"ltr\">C\u00f3mo puede <a href=\"https:\/\/twitter.com\/alejandromurat?ref_src=twsrc%5Etfw\">@alejandromurat<\/a> mentir tanto y tan abiertamente? Ninguna suspensi\u00f3n le impide reconectar a Ayutla. Sostengo que es mentira y puedo probarlo.<a href=\"https:\/\/twitter.com\/hashtag\/AguaParaAyutlaYa?src=hash&amp;ref_src=twsrc%5Etfw\">#AguaParaAyutlaYa<\/a><\/p>&mdash; Y\u00e1snaya Elena (@yasnayae) <a href=\"https:\/\/twitter.com\/yasnayae\/status\/1246223422637498368?ref_src=twsrc%5Etfw\">3 de abril de 2020<\/a><\/blockquote><\/div>\n<\/div><\/figure>\n\n\n\n<p>\u201cC\u00f3mo puede @alejandromurat mentir\ntanto y tan abiertamente? Ninguna suspensi\u00f3n le impide reconectar a Ayutla.\nSostengo que es mentira y puedo probarlo. #AguaParaAyutlaYa\u201d, cit\u00f3 en su cuenta\nde Twitter.<\/p>\n\n\n\n<p>Al dicho de la ling\u00fcista se uni\u00f3\nJoaquin Galv\u00e1n, habitante de la localidad, que con im\u00e1genes present\u00f3 los\namparos citados por las autoridades estatales y asegur\u00f3 que ninguno proh\u00edbe la reconexi\u00f3n\ndel servicio de agua potable para Ayutla y por el contrario fueron interpuestos\npara proteger sus tierras de nuevos despojos.<\/p>\n\n\n\n<p>\u201cEn tiempos de derechos humanos, sale\nel gobernador de Oaxaca @alejandromurat a decir q si queremos agua, debemos\nretirar la protecci\u00f3n constitucional q protege nuestras tierras d nuevos\ndespojos, ya no se necesita disfrazar nada, su complicidad es confesional<\/p>\n\n\n\n<p>#AguaParaAyutlaYA\u201d, refiere.<\/p>\n","protected":false},"excerpt":{"rendered":"<p>Evlin Arag\u00f3n\/Zona Roja. Oaxaca de Ju\u00e1rez, Oax., 4 de abril de 2020.- La reconocida cantante&hellip;<\/p>\n","protected":false},"author":2,"featured_media":10698,"comment_status":"closed","ping_status":"open","sticky":false,"template":"","format":"standard","meta":{"_lmt_disableupdate":"","_lmt_disable":"","_jetpack_memberships_contains_paid_content":false,"footnotes":""},"categories":[109,47],"tags":[501],"class_list":["post-10697","post","type-post","status-publish","format-standard","has-post-thumbnail","hentry","category-minuto-a-minuto","category-zona-gris","tag-san-pedro-y-san-pablo-ayutla-mixe"],"jetpack_featured_media_url":"https:\/\/zonaroja.com.mx\/wp-content\/uploads\/2020\/04\/Agua-para-Ayutla2.jpg","jetpack_sharing_enabled":true,"_links":{"self":[{"href":"https:\/\/zonaroja.com.mx\/index.php?rest_route=\/wp\/v2\/posts\/10697","targetHints":{"allow":["GET"]}}],"collection":[{"href":"https:\/\/zonaroja.com.mx\/index.php?rest_route=\/wp\/v2\/posts"}],"about":[{"href":"https:\/\/zonaroja.com.mx\/index.php?rest_route=\/wp\/v2\/types\/post"}],"author":[{"embeddable":true,"href":"https:\/\/zonaroja.com.mx\/index.php?rest_route=\/wp\/v2\/users\/2"}],"replies":[{"embeddable":true,"href":"https:\/\/zonaroja.com.mx\/index.php?rest_route=%2Fwp%2Fv2%2Fcomments&post=10697"}],"version-history":[{"count":1,"href":"https:\/\/zonaroja.com.mx\/index.php?rest_route=\/wp\/v2\/posts\/10697\/revisions"}],"predecessor-version":[{"id":10699,"href":"https:\/\/zonaroja.com.mx\/index.php?rest_route=\/wp\/v2\/posts\/10697\/revisions\/10699"}],"wp:featuredmedia":[{"embeddable":true,"href":"https:\/\/zonaroja.com.mx\/index.php?rest_route=\/wp\/v2\/media\/10698"}],"wp:attachment":[{"href":"https:\/\/zonaroja.com.mx\/index.php?rest_route=%2Fwp%2Fv2%2Fmedia&parent=10697"}],"wp:term":[{"taxonomy":"category","embeddable":true,"href":"https:\/\/zonaroja.com.mx\/index.php?rest_route=%2Fwp%2Fv2%2Fcategories&post=10697"},{"taxonomy":"post_tag","embeddable":true,"href":"https:\/\/zonaroja.com.mx\/index.php?rest_route=%2Fwp%2Fv2%2Ftags&post=10697"}],"curies":[{"name":"wp","href":"https:\/\/api.w.org\/{rel}","templated":true}]}}