{"id":10704,"date":"2020-04-04T15:01:06","date_gmt":"2020-04-04T21:01:06","guid":{"rendered":"http:\/\/www.zonaroja.com.mx\/?p=10704"},"modified":"2020-04-04T15:01:10","modified_gmt":"2020-04-04T21:01:10","slug":"ejecutan-a-un-joven-en-la-cuenca-y-matan-a-un-bebe-en-el-istmo","status":"publish","type":"post","link":"https:\/\/zonaroja.com.mx\/?p=10704","title":{"rendered":"Ejecutan a un joven en la Cuenca y matan a un beb\u00e9 en el Istmo"},"content":{"rendered":"\n<p>Redacci\u00f3n\/Zona Roja.<\/p>\n\n\n\n<p>Oaxaca de Ju\u00e1rez, Oax., 4 de abril de\n2020.- Este s\u00e1bado, un joven fue ejecutado en San Juan Bautista Tuxtepec,\nmientras que ayer en San Francisco del Mar, un beb\u00e9 de seis meses de edad fue\nasesinado, presuntamente por parte de su padre.<\/p>\n\n\n\n<p>En c\u00e9ntricas calles de Tuxtepec,\nmunicipio de la regi\u00f3n de la Cuenca, sujetos desconocidos acribillaron este\nmediod\u00eda a un individuo, frente a un taller de motocicletas ubicado en la calle\nIndependencia esquina con Zaragoza.<\/p>\n\n\n\n<p>La v\u00edctima fue identificada de manera\npreliminar como Efra\u00edn G. Q., de aproximadamente 25 a\u00f1os de edad; es la v\u00edctima\nn\u00famero 36 en lo que va de este a\u00f1o, en el municipio que gobierna el edil Fernando\nBautista D\u00e1vila, en un segundo periodo.<\/p>\n\n\n\n<p>Por otra parte, en San Francisco del\nMar, municipio de la regi\u00f3n del Istmo, un sujeto mat\u00f3 a un beb\u00e9 de alrededor de\nseis meses de edad, presuntamente tras haber abusado de la menor.<\/p>\n\n\n\n<p>El individuo, al parecer pareja\nsentimental de la madre de la beb\u00e9, fue arrestado ayer mismo por parte de los\npobladores, quienes lo pusieron a disposici\u00f3n del Ministerio P\u00fablico; el\nacusado fue identificado como Sergio M. R.<\/p>\n\n\n\n<p>Por otra parte, ayer por la ma\u00f1ana fue\nlocalizado el cuerpo de un individuo en la calle Manuel Urn\u00faa de la colonia\nRinc\u00f3n Viejo Norte, del municipio de Santa Mar\u00eda Petapa.<\/p>\n\n\n\n<p>Presentaba un disparo de arma de fuego\nen la cabeza y vest\u00eda un pantal\u00f3n de mezclilla color azul y playera color\nnaranja. Hasta el momento permanece en calidad de desconocido.<\/p>\n","protected":false},"excerpt":{"rendered":"<p>Redacci\u00f3n\/Zona Roja. Oaxaca de Ju\u00e1rez, Oax., 4 de abril de 2020.- Este s\u00e1bado, un joven&hellip;<\/p>\n","protected":false},"author":2,"featured_media":10705,"comment_status":"closed","ping_status":"open","sticky":false,"template":"","format":"standard","meta":{"_lmt_disableupdate":"","_lmt_disable":"","_jetpack_memberships_contains_paid_content":false,"footnotes":""},"categories":[109,51],"tags":[635],"class_list":["post-10704","post","type-post","status-publish","format-standard","has-post-thumbnail","hentry","category-minuto-a-minuto","category-zona-roja","tag-ejecutado-tuxtepec"],"jetpack_featured_media_url":"https:\/\/zonaroja.com.mx\/wp-content\/uploads\/2020\/04\/Ejecutado-Tuxtepec-4abr.jpg","jetpack_sharing_enabled":true,"_links":{"self":[{"href":"https:\/\/zonaroja.com.mx\/index.php?rest_route=\/wp\/v2\/posts\/10704","targetHints":{"allow":["GET"]}}],"collection":[{"href":"https:\/\/zonaroja.com.mx\/index.php?rest_route=\/wp\/v2\/posts"}],"about":[{"href":"https:\/\/zonaroja.com.mx\/index.php?rest_route=\/wp\/v2\/types\/post"}],"author":[{"embeddable":true,"href":"https:\/\/zonaroja.com.mx\/index.php?rest_route=\/wp\/v2\/users\/2"}],"replies":[{"embeddable":true,"href":"https:\/\/zonaroja.com.mx\/index.php?rest_route=%2Fwp%2Fv2%2Fcomments&post=10704"}],"version-history":[{"count":1,"href":"https:\/\/zonaroja.com.mx\/index.php?rest_route=\/wp\/v2\/posts\/10704\/revisions"}],"predecessor-version":[{"id":10706,"href":"https:\/\/zonaroja.com.mx\/index.php?rest_route=\/wp\/v2\/posts\/10704\/revisions\/10706"}],"wp:featuredmedia":[{"embeddable":true,"href":"https:\/\/zonaroja.com.mx\/index.php?rest_route=\/wp\/v2\/media\/10705"}],"wp:attachment":[{"href":"https:\/\/zonaroja.com.mx\/index.php?rest_route=%2Fwp%2Fv2%2Fmedia&parent=10704"}],"wp:term":[{"taxonomy":"category","embeddable":true,"href":"https:\/\/zonaroja.com.mx\/index.php?rest_route=%2Fwp%2Fv2%2Fcategories&post=10704"},{"taxonomy":"post_tag","embeddable":true,"href":"https:\/\/zonaroja.com.mx\/index.php?rest_route=%2Fwp%2Fv2%2Ftags&post=10704"}],"curies":[{"name":"wp","href":"https:\/\/api.w.org\/{rel}","templated":true}]}}