{"id":10707,"date":"2020-04-04T15:22:48","date_gmt":"2020-04-04T21:22:48","guid":{"rendered":"http:\/\/www.zonaroja.com.mx\/?p=10707"},"modified":"2020-04-04T15:22:52","modified_gmt":"2020-04-04T21:22:52","slug":"gobierno-federal-organiza-acto-masivo-en-tuxtepec-y-pone-en-riesgo-a-adultos","status":"publish","type":"post","link":"https:\/\/zonaroja.com.mx\/?p=10707","title":{"rendered":"Gobierno federal organiza acto masivo en Tuxtepec y pone en riesgo a adultos"},"content":{"rendered":"\n<p>Yuridiana Sosa\/Zona Roja.<\/p>\n\n\n\n<p>San Juan Bautista Tuxtepec, Oax., 04 de\nabril de 2020.- Bajo el toldo de una pista en el parque municipal \u201cMiguel\nHidalgo\u201d, de Tuxtepec, decenas de personas se reunieron como parte de una\nconvocatoria de la delegaci\u00f3n de los programas Bienestar en la regi\u00f3n Cuenca,\npara informar y tramitar apoyos para las personas adultas mayores y con\ndiscapacidad.<\/p>\n\n\n\n<p>Para los servidores de la naci\u00f3n y los\nbeneficiarios no existe contingencia sanitaria por el Covid-19. Lo importante\nes realizar el tr\u00e1mite, pese al riesgo de contraer el coronavirus, por tratarse\nde personas de la tercera edad; adem\u00e1s, la Cuenca registra al menos seis casos\nsospechosos del virus.<\/p>\n\n\n\n<p>En el parque municipal, que a\u00fan no es\ncerrado por el gobierno local a pesar del mandato de los gobiernos federal y\nestatal, la concurrencia es fluida; vendedores ambulantes tambi\u00e9n abarrotan el\nrededor de la plaza.<\/p>\n\n\n\n<p>La c\u00e1lida ma\u00f1ana en el municipio\ncuenque\u00f1o se hac\u00eda m\u00e1s intensa bajo el techado de fibra de vidrio; la plaza\np\u00fablica era una olla de vapor en la que convivieron a poca distancia los\nasistentes.<\/p>\n\n\n\n<p>Conforme transcurr\u00eda la ma\u00f1ana los\nadultos mayores no dejaron de llegar; unos arribaron con paso lento, tomados\ndel brazo de alg\u00fan familiar; apoyados de un bast\u00f3n, o en silla de ruedas. <\/p>\n\n\n\n<p>Aunque la recomendaci\u00f3n fue que\nasistieran los familiares de los beneficiaros, las personas de la tercera edad\nah\u00ed estuvieron, por si era necesaria su presencia.<\/p>\n\n\n\n<p>Una lona en medio de la pista indica\n\u201cOperativo Bienestar\u201d, en el que se se\u00f1ala al sector de la poblaci\u00f3n\nbeneficiaria, a quienes trataron de sentar en sillas distanciadas, pero que por\nla alta concurrencia fue imposible mantener.<\/p>\n\n\n\n<p>Trabajadores de la delegaci\u00f3n\nBienestar, a cargo de Yesenia Barbosa Arcuri, utilizaron cubre bocas, mientras\nque el resto de la poblaci\u00f3n se cuid\u00f3 como pudo, o no lo hizo. <\/p>\n\n\n\n<p>Los asadores de calzados en el parque\nsiguen presentes; los vendedores de raspados, nieves, frituras o golosinas\naprovechan para vender.<\/p>\n\n\n\n<p>A\u00fan casi nadie, ni el gobierno\nmunicipal de Tuxtepec ni federal, acatan las medidas de prevenci\u00f3n en medio de\nla fase dos y emergencia sanitaria por el Covid-19.<\/p>\n","protected":false},"excerpt":{"rendered":"<p>Yuridiana Sosa\/Zona Roja. San Juan Bautista Tuxtepec, Oax., 04 de abril de 2020.- Bajo el&hellip;<\/p>\n","protected":false},"author":2,"featured_media":10708,"comment_status":"closed","ping_status":"open","sticky":false,"template":"","format":"standard","meta":{"_lmt_disableupdate":"","_lmt_disable":"","_jetpack_memberships_contains_paid_content":false,"footnotes":""},"categories":[109,47],"tags":[1590],"class_list":["post-10707","post","type-post","status-publish","format-standard","has-post-thumbnail","hentry","category-minuto-a-minuto","category-zona-gris","tag-programa-bienestar-tuxyepec"],"jetpack_featured_media_url":"https:\/\/zonaroja.com.mx\/wp-content\/uploads\/2020\/04\/Bienestar-Tuxtepec.jpg","jetpack_sharing_enabled":true,"_links":{"self":[{"href":"https:\/\/zonaroja.com.mx\/index.php?rest_route=\/wp\/v2\/posts\/10707","targetHints":{"allow":["GET"]}}],"collection":[{"href":"https:\/\/zonaroja.com.mx\/index.php?rest_route=\/wp\/v2\/posts"}],"about":[{"href":"https:\/\/zonaroja.com.mx\/index.php?rest_route=\/wp\/v2\/types\/post"}],"author":[{"embeddable":true,"href":"https:\/\/zonaroja.com.mx\/index.php?rest_route=\/wp\/v2\/users\/2"}],"replies":[{"embeddable":true,"href":"https:\/\/zonaroja.com.mx\/index.php?rest_route=%2Fwp%2Fv2%2Fcomments&post=10707"}],"version-history":[{"count":1,"href":"https:\/\/zonaroja.com.mx\/index.php?rest_route=\/wp\/v2\/posts\/10707\/revisions"}],"predecessor-version":[{"id":10709,"href":"https:\/\/zonaroja.com.mx\/index.php?rest_route=\/wp\/v2\/posts\/10707\/revisions\/10709"}],"wp:featuredmedia":[{"embeddable":true,"href":"https:\/\/zonaroja.com.mx\/index.php?rest_route=\/wp\/v2\/media\/10708"}],"wp:attachment":[{"href":"https:\/\/zonaroja.com.mx\/index.php?rest_route=%2Fwp%2Fv2%2Fmedia&parent=10707"}],"wp:term":[{"taxonomy":"category","embeddable":true,"href":"https:\/\/zonaroja.com.mx\/index.php?rest_route=%2Fwp%2Fv2%2Fcategories&post=10707"},{"taxonomy":"post_tag","embeddable":true,"href":"https:\/\/zonaroja.com.mx\/index.php?rest_route=%2Fwp%2Fv2%2Ftags&post=10707"}],"curies":[{"name":"wp","href":"https:\/\/api.w.org\/{rel}","templated":true}]}}