{"id":10712,"date":"2020-04-04T21:14:49","date_gmt":"2020-04-05T03:14:49","guid":{"rendered":"http:\/\/www.zonaroja.com.mx\/?p=10712"},"modified":"2020-04-04T21:14:52","modified_gmt":"2020-04-05T03:14:52","slug":"simula-ayuntamiento-de-tuxtepec-medidas-por-covid-19","status":"publish","type":"post","link":"https:\/\/zonaroja.com.mx\/?p=10712","title":{"rendered":"Simula ayuntamiento de Tuxtepec medidas por Covid-19"},"content":{"rendered":"\n<p>Yuridiana Sosa<\/p>\n\n\n\n<p>San Juan Bautista Tuxtepec, Oax., 44 de\nabril de 2020.- Sin la firma del presidente municipal de San Juan Bautista\nTuxtepec, Fernando Bautista D\u00e1vila, y mediante un oficio denominado \u201ccircular\u201d,\neste ayuntamiento de la regi\u00f3n Cuenca emiti\u00f3 supuestas medidas preventivas para\ncontener la propagaci\u00f3n del Covid-19 en su poblaci\u00f3n.<\/p>\n\n\n\n<p>Este viernes por la noche, las\nautoridades municipales publicaron en su p\u00e1gina oficial de Facebook la\ninformaci\u00f3n; \u201c#Circular a comerciantes, empresarios y prestadores de servicios\nde #Tuxtepec #Oaxaca\u201d, se lee en el post.<\/p>\n\n\n\n<p>La circular no cuenta con la firma del\nedil Bautista D\u00e1vila, quien ante esta emergencia sanitaria tampoco ha emitido\nalg\u00fan otro mensaje o recomendaci\u00f3n de forma directa a la poblaci\u00f3n; su gobierno\ns\u00f3lo emite im\u00e1genes con informaci\u00f3n sobre el Covid-19 a trav\u00e9s de sus\nplataformas digitales.<\/p>\n\n\n\n<p>El documento cuenta con la firma de los directores de \u00e1reas como Desarrollo Econ\u00f3mico y Tur\u00edstico; jefatura de salud municipal, Protecci\u00f3n Civil municipal y comisariado de Seguir\u00e1s P\u00fablica.<\/p>\n\n\n\n<figure class=\"wp-block-image\"><img decoding=\"async\" width=\"1024\" height=\"694\" src=\"http:\/\/www.zonaroja.com.mx\/wp-content\/uploads\/2020\/04\/PHOTO-2020-04-04-12-26-45-1024x694.jpg\" alt=\"\" class=\"wp-image-10714\" srcset=\"https:\/\/zonaroja.com.mx\/wp-content\/uploads\/2020\/04\/PHOTO-2020-04-04-12-26-45-1024x694.jpg 1024w, https:\/\/zonaroja.com.mx\/wp-content\/uploads\/2020\/04\/PHOTO-2020-04-04-12-26-45-300x203.jpg 300w, https:\/\/zonaroja.com.mx\/wp-content\/uploads\/2020\/04\/PHOTO-2020-04-04-12-26-45-768x520.jpg 768w, https:\/\/zonaroja.com.mx\/wp-content\/uploads\/2020\/04\/PHOTO-2020-04-04-12-26-45-1170x792.jpg 1170w, https:\/\/zonaroja.com.mx\/wp-content\/uploads\/2020\/04\/PHOTO-2020-04-04-12-26-45-585x396.jpg 585w, https:\/\/zonaroja.com.mx\/wp-content\/uploads\/2020\/04\/PHOTO-2020-04-04-12-26-45.jpg 1280w\" sizes=\"(max-width: 1024px) 100vw, 1024px\" \/><\/figure>\n\n\n\n<p>Las medidas emitidas son una r\u00e9plica de\nlas anunciadas por el gobernador Alejandro Murat Hinojosa, respecto al cierre\nde establecimientos, restricciones y cierres definitivo.<\/p>\n\n\n\n<p>Asimismo, el cierre total de hoteles y\nservicios de hospedaje tur\u00edstico, playas, restaurantes \u2013con s\u00f3lo servicio a\ndomicilio-, centros comerciales y plazas p\u00fablicas.<\/p>\n\n\n\n<p>Adem\u00e1s, se proh\u00edbe venta de bebidas\nalcoh\u00f3licas a partir de las 18:00 horas; tianguis y d\u00edas de plaza, as\u00ed como\nconcentraciones religiosas y actividades empresariales no esenciales.<\/p>\n\n\n\n<p>Pero hasta este s\u00e1bado, el comercio\nlocal sigue en operaciones normales, a excepci\u00f3n de las tiendas de cadena\nnacional que suspendieron servicios.<\/p>\n","protected":false},"excerpt":{"rendered":"<p>Yuridiana Sosa San Juan Bautista Tuxtepec, Oax., 44 de abril de 2020.- Sin la firma&hellip;<\/p>\n","protected":false},"author":2,"featured_media":10713,"comment_status":"closed","ping_status":"open","sticky":false,"template":"","format":"standard","meta":{"_lmt_disableupdate":"","_lmt_disable":"","_jetpack_memberships_contains_paid_content":false,"footnotes":""},"categories":[109,47],"tags":[1512],"class_list":["post-10712","post","type-post","status-publish","format-standard","has-post-thumbnail","hentry","category-minuto-a-minuto","category-zona-gris","tag-coronavirus-oaxaca"],"jetpack_featured_media_url":"https:\/\/zonaroja.com.mx\/wp-content\/uploads\/2020\/04\/PHOTO-2020-04-04-12-25-49.jpg","jetpack_sharing_enabled":true,"_links":{"self":[{"href":"https:\/\/zonaroja.com.mx\/index.php?rest_route=\/wp\/v2\/posts\/10712","targetHints":{"allow":["GET"]}}],"collection":[{"href":"https:\/\/zonaroja.com.mx\/index.php?rest_route=\/wp\/v2\/posts"}],"about":[{"href":"https:\/\/zonaroja.com.mx\/index.php?rest_route=\/wp\/v2\/types\/post"}],"author":[{"embeddable":true,"href":"https:\/\/zonaroja.com.mx\/index.php?rest_route=\/wp\/v2\/users\/2"}],"replies":[{"embeddable":true,"href":"https:\/\/zonaroja.com.mx\/index.php?rest_route=%2Fwp%2Fv2%2Fcomments&post=10712"}],"version-history":[{"count":1,"href":"https:\/\/zonaroja.com.mx\/index.php?rest_route=\/wp\/v2\/posts\/10712\/revisions"}],"predecessor-version":[{"id":10715,"href":"https:\/\/zonaroja.com.mx\/index.php?rest_route=\/wp\/v2\/posts\/10712\/revisions\/10715"}],"wp:featuredmedia":[{"embeddable":true,"href":"https:\/\/zonaroja.com.mx\/index.php?rest_route=\/wp\/v2\/media\/10713"}],"wp:attachment":[{"href":"https:\/\/zonaroja.com.mx\/index.php?rest_route=%2Fwp%2Fv2%2Fmedia&parent=10712"}],"wp:term":[{"taxonomy":"category","embeddable":true,"href":"https:\/\/zonaroja.com.mx\/index.php?rest_route=%2Fwp%2Fv2%2Fcategories&post=10712"},{"taxonomy":"post_tag","embeddable":true,"href":"https:\/\/zonaroja.com.mx\/index.php?rest_route=%2Fwp%2Fv2%2Ftags&post=10712"}],"curies":[{"name":"wp","href":"https:\/\/api.w.org\/{rel}","templated":true}]}}