{"id":10728,"date":"2020-04-05T10:27:55","date_gmt":"2020-04-05T15:27:55","guid":{"rendered":"http:\/\/www.zonaroja.com.mx\/?p=10728"},"modified":"2020-04-05T10:28:10","modified_gmt":"2020-04-05T15:28:10","slug":"el-oaxaqueno-que-enfrenta-el-coronavirus-desde-el-gobierno-federal","status":"publish","type":"post","link":"https:\/\/zonaroja.com.mx\/?p=10728","title":{"rendered":"El oaxaque\u00f1o que enfrenta el coronavirus desde el gobierno federal"},"content":{"rendered":"\n<p>Yuridiana Sosa\/Zona Roja.<\/p>\n\n\n\n<p>Oaxaca de Ju\u00e1rez, Oax., 5 de abril de\n2020.- Los trabajos cient\u00edficos de investigaci\u00f3n en busca de combatir el virus\nCovid-19 son liderados por el doctor oaxaque\u00f1o Gustavo Reyes Ter\u00e1n, titular de\nla Comisi\u00f3n Coordinadora de Institutos Nacionales de Salud y Hospitales de Alta\nEspecialidad (CCINSHAE).<\/p>\n\n\n\n<p>El funcionario federal, originario de\nSanta Mar\u00eda Mixtequilla, de la regi\u00f3n del Istmo de Tehuantepec, organiza el\nproyecto en el que un grupo de m\u00e9dicos que recurrir\u00e1 al estudio de f\u00e1rmacos que\npodr\u00edan controlar el contagio y s\u00edntomas.<\/p>\n\n\n\n<p>Reyes Ter\u00e1n precis\u00f3 recientemente que\nla estrategia es extraer el plasma de la sangre de los pacientes dados de alta\ndel Covid-19, para pasar el plasma a personas que est\u00e1n sufriendo por ese\nvirus.<\/p>\n\n\n\n<p>El m\u00e9dico de 60 a\u00f1os de edad, con amplia experiencia en el Medicina, ha contribuido a estudios contundentes sobre situaciones emergentes como la pandemia de gripe A (H1N1) de 2009-2010, as\u00ed como en investigaciones relacionadas al virus H7N3 de la influenza tipo A y el virus Zika en M\u00e9xico.<\/p>\n\n\n\n<figure class=\"wp-block-image\"><img decoding=\"async\" width=\"900\" height=\"600\" src=\"http:\/\/www.zonaroja.com.mx\/wp-content\/uploads\/2020\/04\/Gustavo-Reyes-Ter\u00e1n.jpg\" alt=\"\" class=\"wp-image-10729\" srcset=\"https:\/\/zonaroja.com.mx\/wp-content\/uploads\/2020\/04\/Gustavo-Reyes-Ter\u00e1n.jpg 900w, https:\/\/zonaroja.com.mx\/wp-content\/uploads\/2020\/04\/Gustavo-Reyes-Ter\u00e1n-300x200.jpg 300w, https:\/\/zonaroja.com.mx\/wp-content\/uploads\/2020\/04\/Gustavo-Reyes-Ter\u00e1n-768x512.jpg 768w, https:\/\/zonaroja.com.mx\/wp-content\/uploads\/2020\/04\/Gustavo-Reyes-Ter\u00e1n-585x390.jpg 585w, https:\/\/zonaroja.com.mx\/wp-content\/uploads\/2020\/04\/Gustavo-Reyes-Ter\u00e1n-263x175.jpg 263w\" sizes=\"(max-width: 900px) 100vw, 900px\" \/><\/figure>\n\n\n\n<p>El oaxaque\u00f1o es fundador del\nDepartamento de Investigaci\u00f3n en Enfermedades Infecciosas, del Instituto\nNacional de Enfermedades Respiratorias (INER) y del Servicio de Infectolog\u00eda\npara Pacientes Inmunocomprometidos.<\/p>\n\n\n\n<p>De acuerdo con la ficha t\u00e9cnica del\nperfil de Gustavo Ter\u00e1n, emitida por el gobierno de M\u00e9xico, el oaxaque\u00f1o es\nM\u00e9dico Cirujano por la Universidad Nacional Aut\u00f3noma de M\u00e9xico (UNAM).<\/p>\n\n\n\n<p>Es Maestro en Salud P\u00fablica por el\nInstituto Nacional de Salud P\u00fablica (INSP) y cuenta con especialidades en\nInfectolog\u00eda por el Instituto Nacional de Ciencias M\u00e9dicas y Nutrici\u00f3n Salvador\nZubir\u00e1n (INCMNSZ), y posgrado estancia de investigaci\u00f3n en virolog\u00eda e\ninmunolog\u00eda por la Universidad de California.<\/p>\n\n\n\n<p>Adem\u00e1s de sus m\u00faltiples reconocimientos\ncomo investigador, tambi\u00e9n incursion\u00f3 en la docencia de pregrado en Virolog\u00eda,\nen la Facultad de Medicina y de Posgrado en los Cursos de Maestr\u00eda y Doctorado\nen Ciencias M\u00e9dicas, Biol\u00f3gicas y Biom\u00e9dicas tambi\u00e9n en la UNAM.<\/p>\n\n\n\n<p>Sus conocimientos tambi\u00e9n lo llevaron a\nser profesor honorario y adjunto en la Universidad George Washington en Estados\nUnidos.<\/p>\n","protected":false},"excerpt":{"rendered":"<p>Yuridiana Sosa\/Zona Roja. Oaxaca de Ju\u00e1rez, Oax., 5 de abril de 2020.- Los trabajos cient\u00edficos&hellip;<\/p>\n","protected":false},"author":2,"featured_media":10730,"comment_status":"closed","ping_status":"open","sticky":false,"template":"","format":"standard","meta":{"_lmt_disableupdate":"","_lmt_disable":"","_jetpack_memberships_contains_paid_content":false,"footnotes":""},"categories":[109,46],"tags":[1592],"class_list":["post-10728","post","type-post","status-publish","format-standard","has-post-thumbnail","hentry","category-minuto-a-minuto","category-zona-blanca","tag-gustavo-reyes-teran"],"jetpack_featured_media_url":"https:\/\/zonaroja.com.mx\/wp-content\/uploads\/2020\/04\/Gustavo-Reyes-Ter\u00e1n-1.jpg","jetpack_sharing_enabled":true,"_links":{"self":[{"href":"https:\/\/zonaroja.com.mx\/index.php?rest_route=\/wp\/v2\/posts\/10728","targetHints":{"allow":["GET"]}}],"collection":[{"href":"https:\/\/zonaroja.com.mx\/index.php?rest_route=\/wp\/v2\/posts"}],"about":[{"href":"https:\/\/zonaroja.com.mx\/index.php?rest_route=\/wp\/v2\/types\/post"}],"author":[{"embeddable":true,"href":"https:\/\/zonaroja.com.mx\/index.php?rest_route=\/wp\/v2\/users\/2"}],"replies":[{"embeddable":true,"href":"https:\/\/zonaroja.com.mx\/index.php?rest_route=%2Fwp%2Fv2%2Fcomments&post=10728"}],"version-history":[{"count":1,"href":"https:\/\/zonaroja.com.mx\/index.php?rest_route=\/wp\/v2\/posts\/10728\/revisions"}],"predecessor-version":[{"id":10731,"href":"https:\/\/zonaroja.com.mx\/index.php?rest_route=\/wp\/v2\/posts\/10728\/revisions\/10731"}],"wp:featuredmedia":[{"embeddable":true,"href":"https:\/\/zonaroja.com.mx\/index.php?rest_route=\/wp\/v2\/media\/10730"}],"wp:attachment":[{"href":"https:\/\/zonaroja.com.mx\/index.php?rest_route=%2Fwp%2Fv2%2Fmedia&parent=10728"}],"wp:term":[{"taxonomy":"category","embeddable":true,"href":"https:\/\/zonaroja.com.mx\/index.php?rest_route=%2Fwp%2Fv2%2Fcategories&post=10728"},{"taxonomy":"post_tag","embeddable":true,"href":"https:\/\/zonaroja.com.mx\/index.php?rest_route=%2Fwp%2Fv2%2Ftags&post=10728"}],"curies":[{"name":"wp","href":"https:\/\/api.w.org\/{rel}","templated":true}]}}