{"id":10741,"date":"2020-04-05T20:30:59","date_gmt":"2020-04-06T01:30:59","guid":{"rendered":"http:\/\/www.zonaroja.com.mx\/?p=10741"},"modified":"2020-04-05T20:31:02","modified_gmt":"2020-04-06T01:31:02","slug":"ofrece-el-ieepo-educacion-en-linea-reitera-acuerdo-con-la-cortv","status":"publish","type":"post","link":"https:\/\/zonaroja.com.mx\/?p=10741","title":{"rendered":"Ofrece el IEEPO educaci\u00f3n en l\u00ednea; reitera acuerdo con la CORTV"},"content":{"rendered":"\n<p>Redacci\u00f3n\/Zona Roja.<\/p>\n\n\n\n<p>Oaxaca de Ju\u00e1rez, Oax. 5 de abril de\n2020.- El director general del Instituto Estatal de Educaci\u00f3n P\u00fablica de Oaxaca\n(IEEPO), Francisco \u00c1ngel Villarreal particip\u00f3 en una reuni\u00f3n de alto nivel con\nel secretario de Educaci\u00f3n P\u00fablica, Esteban Moctezuma Barrag\u00e1n y las\nautoridades educativas de todo el pa\u00eds, para fortalecer el programa \u201cAprende en\nCasa por TV y en L\u00ednea\u201d.<\/p>\n\n\n\n<p>A trav\u00e9s de una videoconferencia, que\nfue dirigida por el titular de la SEP, se dio a conocer que en el periodo\nvacacional establecido en el calendario escolar 2019-2020, del lunes 6 al\nviernes 17 de abril, se transmitir\u00e1 una programaci\u00f3n especial sobre contenidos\neducativos, culturales, art\u00edsticos y de entretenimiento, que ni\u00f1as, ni\u00f1os,\nadolescentes y j\u00f3venes, al igual que docentes, madres y padres de familia,\npodr\u00e1n disfrutar.<\/p>\n\n\n\n<p>Adem\u00e1s, se revis\u00f3 un modelo de\naprendizaje en casa que propone una caja digital de herramientas pedag\u00f3gicas\ncon lecturas, actividades l\u00fadicas, televisi\u00f3n educativa, videos, video juegos\ninteractivos y concursos de conocimiento, as\u00ed como una Agenda Tipo de\nActividades por grado escolar y d\u00eda, a fin de avanzar con los planes y\nprogramas del ciclo escolar.<\/p>\n\n\n\n<p>De esta manera, con el apoyo de las\nmaestras y maestros en corresponsabilidad con las madres y padres de familia,\nal regreso del periodo vacacional, programado para el lunes 20 de abril, se\ncontar\u00e1 con una mejor estructura y dise\u00f1o de las clases en l\u00ednea y por\ntelevisi\u00f3n, modalidad que el alumnado de educaci\u00f3n b\u00e1sica continuar\u00e1 por dos\nsemanas m\u00e1s, debido a la ampliaci\u00f3n del aislamiento preventivo por acuerdo del\nConsejo de Salubridad General.<\/p>\n\n\n\n<p>APOYO INSTITUCIONAL<\/p>\n\n\n\n<p>Sobre los alcances de la reuni\u00f3n,\nFrancisco \u00c1ngel Villarreal mencion\u00f3 que en la entidad el programa \u201cAprende en\nCasa por TV y en L\u00ednea\u201d, se transmite a trav\u00e9s de la se\u00f1al de la Corporaci\u00f3n\nRadiof\u00f3nica de Radio y Televisi\u00f3n, (Cortv), por lo que recientemente junto con\nel director de la misma, Mart\u00edn V\u00e1squez Villanueva, se revisaron estrategias y\nproyectos en apoyo a las y los educandos.<\/p>\n\n\n\n<p>Invit\u00f3 a la comunidad escolar a seguir\nla programaci\u00f3n especial del periodo vacacional, en la que podr\u00e1n encontrar una\nforma sana de entretenimiento a trav\u00e9s de cortometrajes, series, cuentos, temas\nde historia, ciencias naturales, conciertos did\u00e1cticos y temas que ayudan a\nfortalecer el desarrollo cognitivo, afectivo y social.<\/p>\n\n\n\n<p>El director General del IEEPO consider\u00f3\nque este receso escolar es adecuado para continuar el aislamiento voluntario\npreventivo y evitar la propagaci\u00f3n del virus que causa el Covid-19, as\u00ed como\npara aprovechar la posibilidad de seguir aprendiendo en colaboraci\u00f3n con la\nfamilia<\/p>\n\n\n\n<p>La programaci\u00f3n especial del programa\n\u201cAprende en Casa por TV y en L\u00ednea\u201d, se puede consultar en www.sep.gob.mx,\nwww.televisioneducativa.gob.mx, www.onceninos.tv y www.oaxaca.gob.mx\/ieepo<\/p>\n","protected":false},"excerpt":{"rendered":"<p>Redacci\u00f3n\/Zona Roja. Oaxaca de Ju\u00e1rez, Oax. 5 de abril de 2020.- El director general del&hellip;<\/p>\n","protected":false},"author":2,"featured_media":10742,"comment_status":"closed","ping_status":"open","sticky":false,"template":"","format":"standard","meta":{"_lmt_disableupdate":"","_lmt_disable":"","_jetpack_memberships_contains_paid_content":false,"footnotes":""},"categories":[109,46],"tags":[599],"class_list":["post-10741","post","type-post","status-publish","format-standard","has-post-thumbnail","hentry","category-minuto-a-minuto","category-zona-blanca","tag-instituto-estatal-de-educacion-publica-de-oaxaca"],"jetpack_featured_media_url":"https:\/\/zonaroja.com.mx\/wp-content\/uploads\/2020\/04\/03-IEEPO.jpg","jetpack_sharing_enabled":true,"_links":{"self":[{"href":"https:\/\/zonaroja.com.mx\/index.php?rest_route=\/wp\/v2\/posts\/10741","targetHints":{"allow":["GET"]}}],"collection":[{"href":"https:\/\/zonaroja.com.mx\/index.php?rest_route=\/wp\/v2\/posts"}],"about":[{"href":"https:\/\/zonaroja.com.mx\/index.php?rest_route=\/wp\/v2\/types\/post"}],"author":[{"embeddable":true,"href":"https:\/\/zonaroja.com.mx\/index.php?rest_route=\/wp\/v2\/users\/2"}],"replies":[{"embeddable":true,"href":"https:\/\/zonaroja.com.mx\/index.php?rest_route=%2Fwp%2Fv2%2Fcomments&post=10741"}],"version-history":[{"count":1,"href":"https:\/\/zonaroja.com.mx\/index.php?rest_route=\/wp\/v2\/posts\/10741\/revisions"}],"predecessor-version":[{"id":10743,"href":"https:\/\/zonaroja.com.mx\/index.php?rest_route=\/wp\/v2\/posts\/10741\/revisions\/10743"}],"wp:featuredmedia":[{"embeddable":true,"href":"https:\/\/zonaroja.com.mx\/index.php?rest_route=\/wp\/v2\/media\/10742"}],"wp:attachment":[{"href":"https:\/\/zonaroja.com.mx\/index.php?rest_route=%2Fwp%2Fv2%2Fmedia&parent=10741"}],"wp:term":[{"taxonomy":"category","embeddable":true,"href":"https:\/\/zonaroja.com.mx\/index.php?rest_route=%2Fwp%2Fv2%2Fcategories&post=10741"},{"taxonomy":"post_tag","embeddable":true,"href":"https:\/\/zonaroja.com.mx\/index.php?rest_route=%2Fwp%2Fv2%2Ftags&post=10741"}],"curies":[{"name":"wp","href":"https:\/\/api.w.org\/{rel}","templated":true}]}}