{"id":10750,"date":"2020-04-05T22:50:58","date_gmt":"2020-04-06T03:50:58","guid":{"rendered":"https:\/\/www.zonaroja.com.mx\/?p=10750"},"modified":"2020-04-05T22:51:01","modified_gmt":"2020-04-06T03:51:01","slug":"surgen-tres-nuevos-casos-de-coronavirus-en-un-dia-ya-son-25-positivos","status":"publish","type":"post","link":"https:\/\/zonaroja.com.mx\/?p=10750","title":{"rendered":"Surgen tres nuevos casos de coronavirus en un d\u00eda; ya son 25 positivos"},"content":{"rendered":"\n<p>Redacci\u00f3n\/Zona Roja.<\/p>\n\n\n\n<p>Oaxaca de Ju\u00e1rez, Oax. 5 de abril de 2020.<strong>&#8211;<\/strong>&nbsp;Al corte epidemiol\u00f3gico de este domingo 5 de abril del presente a\u00f1o, los Servicios de Salud de Oaxaca (SSO) confirmaron tres casos nuevos de Covid- 19 en la entidad, quienes presentan una evoluci\u00f3n cl\u00ednica estable, registrando un total de 25 pacientes.&nbsp;<\/p>\n\n\n\n<p>En un comunicado, el titular de los SSO, Donato Casas Escamilla, inform\u00f3 que los tres pacientes son originarios de Valles Centrales y fueron confirmados por el Laboratorio Estatal de Salud P\u00fablica (LESP) de Oaxaca.&nbsp;<\/p>\n\n\n\n<p>Destac\u00f3 que a la fecha se han realizado 254 notificaciones de esta enfermedad, de los cuales 195 resultaron negativos y 34 sospechosos -an\u00e1lisis que se encuentran en estudio- los pacientes recuperados ascendieron a ocho casos, asimismo, se mantiene el registro de una defunci\u00f3n.&nbsp;<\/p>\n\n\n\n<p>Indic\u00f3 que en la distribuci\u00f3n geogr\u00e1fica de los casos confirmados, las localidades de mayor frecuencia de contagios contin\u00faan siendo las zonas metropolitanas de la entidad, distribuidos en las Jurisdicciones Sanitarias de Valles Centrales, Istmo de Tehuantepec, Mixteca y Sierra (Norte).&nbsp;<\/p>\n\n\n\n<p>Describi\u00f3 que los pacientes sospechosos en espera de resultados se encuentran en las regiones de Valles Centrales con 14 casos, siete en el Istmo e igual n\u00famero en Tuxtepec, cinco en la Costa y uno en la Mixteca.&nbsp;<\/p>\n\n\n\n<p>Por lo cual, el funcionario hizo un llamado a la paciencia y solidaridad de las y los oaxaque\u00f1os, ya que dijo, \u00abla suma de esfuerzos y la presencia de las familias dentro del hogar, ser\u00e1n acciones primordiales para hacerle frente a los retos sanitarios, ante el escalamiento de los casos por Covid-19 en el territorio oaxaque\u00f1o\u00bb.&nbsp;<\/p>\n\n\n\n<p>Adem\u00e1s, exhort\u00f3 a la poblaci\u00f3n a poner en pr\u00e1ctica el reforzamiento de las medidas de higiene b\u00e1sica, p\u00fablica e individual; primordialmente en el lavado de manos con agua y jab\u00f3n, as\u00ed como las estrategias de la sana distancia y la suspensi\u00f3n de actividades no esenciales que involucren la movilizaci\u00f3n de personas en todos los sectores de la sociedad. <\/p>\n","protected":false},"excerpt":{"rendered":"<p>Redacci\u00f3n\/Zona Roja. Oaxaca de Ju\u00e1rez, Oax. 5 de abril de 2020.&#8211;&nbsp;Al corte epidemiol\u00f3gico de este&hellip;<\/p>\n","protected":false},"author":2,"featured_media":10749,"comment_status":"closed","ping_status":"open","sticky":false,"template":"","format":"standard","meta":{"_lmt_disableupdate":"","_lmt_disable":"","_jetpack_memberships_contains_paid_content":false,"footnotes":""},"categories":[109,47],"tags":[1497],"class_list":["post-10750","post","type-post","status-publish","format-standard","has-post-thumbnail","hentry","category-minuto-a-minuto","category-zona-gris","tag-coronavirus-en-oaxaca"],"jetpack_featured_media_url":"https:\/\/zonaroja.com.mx\/wp-content\/uploads\/2020\/04\/f44d4104-57ce-4e64-8652-f5230854f7b4.jpg","jetpack_sharing_enabled":true,"_links":{"self":[{"href":"https:\/\/zonaroja.com.mx\/index.php?rest_route=\/wp\/v2\/posts\/10750","targetHints":{"allow":["GET"]}}],"collection":[{"href":"https:\/\/zonaroja.com.mx\/index.php?rest_route=\/wp\/v2\/posts"}],"about":[{"href":"https:\/\/zonaroja.com.mx\/index.php?rest_route=\/wp\/v2\/types\/post"}],"author":[{"embeddable":true,"href":"https:\/\/zonaroja.com.mx\/index.php?rest_route=\/wp\/v2\/users\/2"}],"replies":[{"embeddable":true,"href":"https:\/\/zonaroja.com.mx\/index.php?rest_route=%2Fwp%2Fv2%2Fcomments&post=10750"}],"version-history":[{"count":1,"href":"https:\/\/zonaroja.com.mx\/index.php?rest_route=\/wp\/v2\/posts\/10750\/revisions"}],"predecessor-version":[{"id":10751,"href":"https:\/\/zonaroja.com.mx\/index.php?rest_route=\/wp\/v2\/posts\/10750\/revisions\/10751"}],"wp:featuredmedia":[{"embeddable":true,"href":"https:\/\/zonaroja.com.mx\/index.php?rest_route=\/wp\/v2\/media\/10749"}],"wp:attachment":[{"href":"https:\/\/zonaroja.com.mx\/index.php?rest_route=%2Fwp%2Fv2%2Fmedia&parent=10750"}],"wp:term":[{"taxonomy":"category","embeddable":true,"href":"https:\/\/zonaroja.com.mx\/index.php?rest_route=%2Fwp%2Fv2%2Fcategories&post=10750"},{"taxonomy":"post_tag","embeddable":true,"href":"https:\/\/zonaroja.com.mx\/index.php?rest_route=%2Fwp%2Fv2%2Ftags&post=10750"}],"curies":[{"name":"wp","href":"https:\/\/api.w.org\/{rel}","templated":true}]}}