{"id":10753,"date":"2020-04-06T07:38:08","date_gmt":"2020-04-06T12:38:08","guid":{"rendered":"http:\/\/www.zonaroja.com.mx\/?p=10753"},"modified":"2020-04-06T07:38:11","modified_gmt":"2020-04-06T12:38:11","slug":"apuesta-lopez-obrador-a-seguir-con-lo-mismo-recriminan-empresarios","status":"publish","type":"post","link":"https:\/\/zonaroja.com.mx\/?p=10753","title":{"rendered":"Apuesta L\u00f3pez Obrador a seguir con lo mismo; recriminan empresarios"},"content":{"rendered":"\n<p>Redacci\u00f3n\/Zona Roja Cdmx.<\/p>\n\n\n\n<p>Ciudad de M\u00e9xico, 6 de abril de 2020.- Excluidos\ndel plan anunciado por el presidente de M\u00e9xico, Andr\u00e9s Manuel L\u00f3pez Obrador, el\nsector privado manifest\u00f3 la urgente necesidad de apoyar a quienes dan empleo en\nel pa\u00eds y por esa v\u00eda buscar alcanzar el bienestar social.<\/p>\n\n\n\n<p>L\u00edderes empresariales se\u00f1alaron que\nhar\u00e1n lo que est\u00e9 a su alcance para tratar de minimizar el impacto de la crisis\necon\u00f3mica, aminorar la p\u00e9rdida de empleos y la desaparici\u00f3n de empresas.<\/p>\n\n\n\n<p>\u201cEl informe del presidente L\u00f3pez Obrador\nno es el que los empleadores esperaban, lo que necesitan. Las consecuencias\npueden ser graves\u201d, escribi\u00f3 en su cuenta de Twitter, Francisco Cervantes,\npresidente de la Confederaci\u00f3n de C\u00e1maras Industriales de M\u00e9xico (Concamin).<\/p>\n\n\n\n<p>\u201cSi el gobierno apoya a las empresas, en\nrealidad estar\u00e1 apoyando a las familias\u201d, se\u00f1al\u00f3 por su parte Gustavo De Hoyos,\npresidente de la Confederaci\u00f3n Patronal de la Rep\u00fablica Mexicana (Coparmex).<\/p>\n\n\n\n<p>\u201cPresidente, no le d\u00e9 la espalda a\nquienes dan vida y empleo a M\u00e9xico\u201d, dijo en un video difundido en las redes\nsociales, en el que explic\u00f3 que es a trav\u00e9s del empleo como se alcanza el\nbienestar y si el gobierno apoya a las empresas, estar\u00e1 apoyando de manera\nduradera a las familias a que conserven sus empleos y con ello sus ingresos\npara no necesitar de programas sociales.<\/p>\n\n\n\n<p>El mensaje de ayer domingo dej\u00f3 fuera\nalgunas medidas relevantes para afrontar la crisis econ\u00f3mica del COVID-19,\nse\u00f1al\u00f3 De Hoyos y destac\u00f3 que el presidente debe trabajar por todos los\nmexicanos sin distinci\u00f3n de ideolog\u00edas.<\/p>\n\n\n\n<p>\u201cAsuma el car\u00e1cter de jefe de Estado,\nque por encima de su proyecto pol\u00edtico personal, coloca los intereses m\u00e1s altos\nde la naci\u00f3n\u201d, a\u00f1adi\u00f3.<\/p>\n\n\n\n<p>Sin nada sustantivo y con \u201cgeneralidades\ny ret\u00f3rica\u201d, as\u00ed fue calificado el plan anunciado de AMLO por parte del\npresidente de la C\u00e1mara Nacional de la Industria de la Transformaci\u00f3n\n(Canacintra), Enoch Castellanos.<\/p>\n\n\n\n<p>\u201cUna decepci\u00f3n\u201d, dijo al referirse a que\ndej\u00f3 fuera el apoyo a las micro, peque\u00f1as y medianas empresas, con lo que pone\nen riesgo millones de empleos. \u201cAunque el presidente no quiera acordar, en\nCanacintra seguimos determinados a mantener empleo, salarios y reactivar la\neconom\u00eda\u201d, se\u00f1al\u00f3 en su cuenta de Twitter.<\/p>\n\n\n\n<p>El Consejo Coordinador Empresarial (CCE)\nconsider\u00f3 que la propuesta econ\u00f3mica anunciada por el presidente es incompleta\nante la gran dimensi\u00f3n de la crisis que se enfrenta.<\/p>\n\n\n\n<p>El organismo lament\u00f3 que sus propuestas\nno han sido tomadas en cuenta, ya que con ellas, lo que buscan es incidir\npositivamente en las pol\u00edticas p\u00fablicas para beneficio del pa\u00eds y se\u00f1al\u00f3 que un\nbuen juicio es esencial en tiempos dif\u00edciles.<\/p>\n\n\n\n<p>\u201cLa crisis del Covid-19 nos obliga a\nunirnos una vez m\u00e1s. Es momento de propuestas y de acuerdos\u201d, indic\u00f3.<\/p>\n\n\n\n<p>Para Alberto Ramos, economista en jefe\npara Am\u00e9rica Latina, de Goldman Sachs, el plan anunciado es decepcionante en\ntama\u00f1o y alcance. \u201cLas autoridades parecen estar subestimando el impacto\necon\u00f3mico de la pandemia y la necesidad de una reorientaci\u00f3n m\u00e1s profunda en la\npol\u00edtica fiscal\u201d.<\/p>\n\n\n\n<p>Analistas de Ve por M\u00e1s se\u00f1alaron que la\nrespuesta del gobierno se reduce en seguir adelante con las obras de\ninfraestructura planeadas y no se incluy\u00f3 un paquete de medidas coordinadas\npara estimular a la econom\u00eda ante la emergencia sanitaria ni tampoco las peticiones\ndel sector privado en materia fiscal.<\/p>\n\n\n\n<p>2 MILLONES DE EMPLEOS<\/p>\n\n\n\n<p>El presidente Andr\u00e9s Manuel L\u00f3pez\nObrador ofreci\u00f3 un paquete de medidas para reactivar la econom\u00eda ante la\npandemia del coronavirus, entre las que destacan la creaci\u00f3n de 2 millones de\nempleos en 9 meses, reducir la carga fiscal de Pemex en 65 mil millones de\npesos y devolver el IVA a los contribuyentes con \u201cprontitud\u201d.<\/p>\n\n\n\n<p>En un mensaje ofrecido desde Palacio\nNacional, el presidente mantuvo sus principales proyectos de infraestructura\ncomo son el aeropuerto de Santa Luc\u00eda, la refiner\u00eda de Dos Bocas y el Tren\nMaya, y asegur\u00f3 que el padr\u00f3n de beneficiarios de programas sociales llegar\u00e1 a\n22 millones. Indic\u00f3 que se otorgar\u00e1n 2 millones 100 mil cr\u00e9ditos personales de\nvivienda y para peque\u00f1as empresas familiares del sector formal e informal.<\/p>\n\n\n\n<p>\u201cEsto es muy importante, vamos a crear\nen nueve meses 2 millones de nuevos empleos. Se iniciar\u00e1 pronto la recuperaci\u00f3n\necon\u00f3mica a partir de aumentar la inversi\u00f3n p\u00fablica destinada a la creaci\u00f3n de\nempleos y a otorgar cr\u00e9ditos a peque\u00f1as empresas familiares y a quienes se\nbuscan la vida como pueden d\u00eda con d\u00eda. No los vamos a dejar en el desamparo\u201d,\nsostuvo.<\/p>\n\n\n\n<p>Consider\u00f3 que, a pesar del escenario\necon\u00f3mico adverso, se est\u00e1 haciendo \u201chasta lo imposible\u201d para mantener el\ncompromiso de no aumentar la deuda p\u00fablica, ya que, para financiar el plan de\nreactivaci\u00f3n, se recurrir\u00e1 a utilizar los ahorros del Fondo de Estabilizaci\u00f3n\nde los Ingresos Presupuestarios y los recursos que se manten\u00edan guardados en\nfideicomisos.<\/p>\n\n\n\n<p>Se\u00f1al\u00f3 que en la pr\u00f3xima semana se dar\u00e1\na conocer el plan de inversi\u00f3n en el sector energ\u00e9tico, con un monto esperado\nde 339 mil millones de pesos.<\/p>\n\n\n\n<p>(Informaci\u00f3n de \u201cEl Financiero\u201d)<\/p>\n","protected":false},"excerpt":{"rendered":"<p>Redacci\u00f3n\/Zona Roja Cdmx. Ciudad de M\u00e9xico, 6 de abril de 2020.- Excluidos del plan anunciado&hellip;<\/p>\n","protected":false},"author":2,"featured_media":10754,"comment_status":"closed","ping_status":"open","sticky":false,"template":"","format":"standard","meta":{"_lmt_disableupdate":"","_lmt_disable":"","_jetpack_memberships_contains_paid_content":false,"footnotes":""},"categories":[109,47],"tags":[143],"class_list":["post-10753","post","type-post","status-publish","format-standard","has-post-thumbnail","hentry","category-minuto-a-minuto","category-zona-gris","tag-andres-manuel-lopez-obrador"],"jetpack_featured_media_url":"https:\/\/zonaroja.com.mx\/wp-content\/uploads\/2020\/04\/Informe-AMLO.png","jetpack_sharing_enabled":true,"_links":{"self":[{"href":"https:\/\/zonaroja.com.mx\/index.php?rest_route=\/wp\/v2\/posts\/10753","targetHints":{"allow":["GET"]}}],"collection":[{"href":"https:\/\/zonaroja.com.mx\/index.php?rest_route=\/wp\/v2\/posts"}],"about":[{"href":"https:\/\/zonaroja.com.mx\/index.php?rest_route=\/wp\/v2\/types\/post"}],"author":[{"embeddable":true,"href":"https:\/\/zonaroja.com.mx\/index.php?rest_route=\/wp\/v2\/users\/2"}],"replies":[{"embeddable":true,"href":"https:\/\/zonaroja.com.mx\/index.php?rest_route=%2Fwp%2Fv2%2Fcomments&post=10753"}],"version-history":[{"count":1,"href":"https:\/\/zonaroja.com.mx\/index.php?rest_route=\/wp\/v2\/posts\/10753\/revisions"}],"predecessor-version":[{"id":10755,"href":"https:\/\/zonaroja.com.mx\/index.php?rest_route=\/wp\/v2\/posts\/10753\/revisions\/10755"}],"wp:featuredmedia":[{"embeddable":true,"href":"https:\/\/zonaroja.com.mx\/index.php?rest_route=\/wp\/v2\/media\/10754"}],"wp:attachment":[{"href":"https:\/\/zonaroja.com.mx\/index.php?rest_route=%2Fwp%2Fv2%2Fmedia&parent=10753"}],"wp:term":[{"taxonomy":"category","embeddable":true,"href":"https:\/\/zonaroja.com.mx\/index.php?rest_route=%2Fwp%2Fv2%2Fcategories&post=10753"},{"taxonomy":"post_tag","embeddable":true,"href":"https:\/\/zonaroja.com.mx\/index.php?rest_route=%2Fwp%2Fv2%2Ftags&post=10753"}],"curies":[{"name":"wp","href":"https:\/\/api.w.org\/{rel}","templated":true}]}}