{"id":10758,"date":"2020-04-06T12:04:33","date_gmt":"2020-04-06T17:04:33","guid":{"rendered":"http:\/\/www.zonaroja.com.mx\/?p=10758"},"modified":"2020-04-06T12:04:37","modified_gmt":"2020-04-06T17:04:37","slug":"policia-estatal-detiene-a-ex-diputado-local-juan-vera-acusado-de-tentativa-de-feminicidio","status":"publish","type":"post","link":"https:\/\/zonaroja.com.mx\/?p=10758","title":{"rendered":"Polic\u00eda Estatal detiene a ex diputado local Juan Vera, acusado de tentativa de feminicidio"},"content":{"rendered":"\n<p>Evlin Arag\u00f3n\/Zona Roja.<\/p>\n\n\n\n<p>Oaxaca de Ju\u00e1rez, Oax., 6 de abril de\n2020.- Elementos de la Secretar\u00eda de Seguridad P\u00fablica de Oaxaca (SSPO) detuvieron\nhoy al ex diputado local Juan Antonio Vera Carrizal acusado como principal\nautor intelectual del ataque con \u00e1cido en contra de la saxofonista Mar\u00eda Elena\nR\u00edos Ortiz, ocurrido hace siete meses en el municipio de Huajuapan de Le\u00f3n.<\/p>\n\n\n\n<p>Mientras la Fiscal\u00eda General del Estado\nde Oaxaca concentraba sus esfuerzos en cateos infructuosos en supuestas\npropiedades del empresario gasolinero, trascendi\u00f3 que fueron elementos de la\nPolic\u00eda Estatal, quienes consiguieron la captura del se\u00f1alado como presunto\nresponsable de tentativa de feminicidio.<\/p>\n\n\n\n<p>Dichos cateos fueron denunciados como violatorias a los derechos de la familia de Vera Carrizal, quienes denunciaron golpes y la falta de un protocolo por parte de elementos de la Fiscal\u00eda que no present\u00f3 siquiera la orden de un juez para ingresar a las propiedades en cuyo interior se encontraban mujeres y menores de edad. <\/p>\n\n\n\n<figure class=\"wp-block-embed-twitter wp-block-embed is-type-rich is-provider-twitter\"><div class=\"wp-block-embed__wrapper\">\n<div class=\"twitter-tweet\"><blockquote class=\"twitter-tweet\" data-lang=\"es\"><p lang=\"es\" dir=\"ltr\"><a href=\"https:\/\/twitter.com\/hashtag\/%C3%9AltimoMinuto?src=hash&amp;ref_src=twsrc%5Etfw\">#\u00daltimoMinuto<\/a> <br>Bajo un fuerte operativo fue trasladado Juan Antonio Vera Carrizal, de las instalaciones del C-4 de la <a href=\"https:\/\/twitter.com\/SSP_GobOax?ref_src=twsrc%5Etfw\">@SSP_GobOax<\/a> a la <a href=\"https:\/\/twitter.com\/FISCALIA_GobOax?ref_src=twsrc%5Etfw\">@FISCALIA_GobOax<\/a>. <a href=\"https:\/\/t.co\/WvgvEZ2WQV\">pic.twitter.com\/WvgvEZ2WQV<\/a><\/p>&mdash; Zona Roja Oaxaca (@MexRoja) <a href=\"https:\/\/twitter.com\/MexRoja\/status\/1247206451283550216?ref_src=twsrc%5Etfw\">6 de abril de 2020<\/a><\/blockquote><\/div>\n<\/div><\/figure>\n\n\n\n<p>El pasado mi\u00e9rcoles 1 de abril, la\nPolic\u00eda Estatal -haciendo labores de la Fiscal\u00eda- detuvo a un tercer probable\nimplicado en la agresi\u00f3n a la saxofonista Mar\u00eda Elena R\u00edos Ortiz quien habr\u00eda\nrecibido \u00f3rdenes de Juan Vera Carrizal y su hijo Juan Vera Hern\u00e1ndez para\ncontratar a las personas que realizaron el ataque.<\/p>\n\n\n\n<p>Se trata de Rub\u00e9n L. Ch., alias el\n\u201cCharrez\u201d, presunto autor intelectual del ataque que fue detenido por parte del\npersonal de la Secretar\u00eda de Seguridad P\u00fablica de Oaxaca y que se suma a las\ndos personas m\u00e1s puestas a disposici\u00f3n como autores materiales de los hechos y\nque a\u00fan no han sido sentenciadas.<\/p>\n\n\n\n<p>La detenci\u00f3n de Juan Ver\u00e1 Carrizal fue\nconfirmada incluso por el gobernador Alejandro Murat Hinojosa, a trav\u00e9s de sus\nredes sociales, donde asegur\u00f3 que el ex diputado enfrentar\u00e1 a la justicia\noaxaque\u00f1a por la agresi\u00f3n en contra de la joven saxofonista.<\/p>\n\n\n\n<p>\u201cHemos detenido a Juan Antonio Vera\nCarrizal quien enfrentar\u00e1 la justicia por el terrible hecho de violencia\ncometido contra Mar\u00eda Elena R\u00edos, j\u00f3ven saxofonista oaxaque\u00f1a. M\u00e1s tarde, la\n@FISCALIA_GobOax y @SSP_GobOax dar\u00e1n m\u00e1s datos\u201d, indic\u00f3.<\/p>\n\n\n\n<p>A\u00fan no se precisa la hora, el lugar y la\nforma en que fue detenido Vera Carrizal; con \u00e9l suman cuatro detenidos por el\ncaso Mar\u00eda Elena y \u00fanicamente queda pr\u00f3fugo el hijo del ex diputado local.<\/p>\n","protected":false},"excerpt":{"rendered":"<p>Evlin Arag\u00f3n\/Zona Roja. Oaxaca de Ju\u00e1rez, Oax., 6 de abril de 2020.- Elementos de la&hellip;<\/p>\n","protected":false},"author":2,"featured_media":10759,"comment_status":"closed","ping_status":"open","sticky":false,"template":"","format":"standard","meta":{"_lmt_disableupdate":"","_lmt_disable":"","_jetpack_memberships_contains_paid_content":false,"footnotes":""},"categories":[109,46],"tags":[1144],"class_list":["post-10758","post","type-post","status-publish","format-standard","has-post-thumbnail","hentry","category-minuto-a-minuto","category-zona-blanca","tag-juan-antonio-vera-carrizal"],"jetpack_featured_media_url":"https:\/\/zonaroja.com.mx\/wp-content\/uploads\/2020\/04\/Vera-Carrizal-detenido.jpg","jetpack_sharing_enabled":true,"_links":{"self":[{"href":"https:\/\/zonaroja.com.mx\/index.php?rest_route=\/wp\/v2\/posts\/10758","targetHints":{"allow":["GET"]}}],"collection":[{"href":"https:\/\/zonaroja.com.mx\/index.php?rest_route=\/wp\/v2\/posts"}],"about":[{"href":"https:\/\/zonaroja.com.mx\/index.php?rest_route=\/wp\/v2\/types\/post"}],"author":[{"embeddable":true,"href":"https:\/\/zonaroja.com.mx\/index.php?rest_route=\/wp\/v2\/users\/2"}],"replies":[{"embeddable":true,"href":"https:\/\/zonaroja.com.mx\/index.php?rest_route=%2Fwp%2Fv2%2Fcomments&post=10758"}],"version-history":[{"count":1,"href":"https:\/\/zonaroja.com.mx\/index.php?rest_route=\/wp\/v2\/posts\/10758\/revisions"}],"predecessor-version":[{"id":10760,"href":"https:\/\/zonaroja.com.mx\/index.php?rest_route=\/wp\/v2\/posts\/10758\/revisions\/10760"}],"wp:featuredmedia":[{"embeddable":true,"href":"https:\/\/zonaroja.com.mx\/index.php?rest_route=\/wp\/v2\/media\/10759"}],"wp:attachment":[{"href":"https:\/\/zonaroja.com.mx\/index.php?rest_route=%2Fwp%2Fv2%2Fmedia&parent=10758"}],"wp:term":[{"taxonomy":"category","embeddable":true,"href":"https:\/\/zonaroja.com.mx\/index.php?rest_route=%2Fwp%2Fv2%2Fcategories&post=10758"},{"taxonomy":"post_tag","embeddable":true,"href":"https:\/\/zonaroja.com.mx\/index.php?rest_route=%2Fwp%2Fv2%2Ftags&post=10758"}],"curies":[{"name":"wp","href":"https:\/\/api.w.org\/{rel}","templated":true}]}}