{"id":10766,"date":"2020-04-06T15:48:23","date_gmt":"2020-04-06T20:48:23","guid":{"rendered":"http:\/\/www.zonaroja.com.mx\/?p=10766"},"modified":"2020-04-06T15:48:28","modified_gmt":"2020-04-06T20:48:28","slug":"impulsa-poder-judicial-de-oaxaca-una-institucion-propositiva-e-innovadora","status":"publish","type":"post","link":"https:\/\/zonaroja.com.mx\/?p=10766","title":{"rendered":"Impulsa Poder Judicial de Oaxaca una instituci\u00f3n propositiva e innovadora"},"content":{"rendered":"\n<p>Redacci\u00f3n\/Zona Roja.<\/p>\n\n\n\n<p>Oaxaca de Ju\u00e1rez, Oax., 6 de abril de\n2020.- El titular del Poder Judicial de Oaxaca, magistrado Eduardo Pinacho\nS\u00e1nchez, ha dispuesto cambios sustanciales en la instituci\u00f3n y reorganizado el\ntrabajo de una forma propositiva e innovadora a fin de contribuir en la\nhumanizaci\u00f3n de la justicia y la consolidaci\u00f3n del Estado de derecho.<\/p>\n\n\n\n<p>Entre las actividades estrat\u00e9gicas\nrealizadas en el mes que acaba de finalizar, destaca la reuni\u00f3n sostenida con\nla Comisi\u00f3n Interinstitucional para la Implementaci\u00f3n de la Reforma Laboral del\nPJE.<\/p>\n\n\n\n<p>En ella participaron el secretario\nGeneral de Gobierno, H\u00e9ctor Anuar Mafud Mafud, y la presidenta de la Comisi\u00f3n\nPermanente de Trabajo y Seguridad Social en la 64 Legislatura del Congreso del\nEstado, Hilda Graciela P\u00e9rez Ruiz, con quienes se analizaron temas\ntransversales derivados de ese tema.<\/p>\n\n\n\n<p>Asimismo, el presidente del Tribunal\nSuperior de Justicia y del Consejo de la Judicatura, tom\u00f3 protesta a la nueva\ndirectiva del Colegio de Abogadas de Oaxaca, para el periodo 2020-2021,\npresidida por Gualberta Rodr\u00edguez Santos, agrupaci\u00f3n con m\u00e1s de cuatro d\u00e9cadas\nde existencia y a cuyas integrantes felicit\u00f3 por el trabajo desempe\u00f1ado a favor\nde la sociedad.<\/p>\n\n\n\n<p>De igual forma, en su compromiso de\nerradicar la corrupci\u00f3n en el sistema de justicia, a invitaci\u00f3n del magistrado\nPinacho S\u00e1nchez, el director de la Unidad de Inteligencia Financiera de la\nSecretar\u00eda de Hacienda y Cr\u00e9dito P\u00fablico (SHCP), Doctor Santiago Nieto Castillo\nimparti\u00f3 la conferencia magistral \u201cCorrupci\u00f3n y Lavado de Dinero\u201d.<\/p>\n\n\n\n<p>A este encuentro acudieron magistrados,\nmagistradas, consejeros de la Judicatura, juezas, jueces, servidores p\u00fablicos\njudiciales, representantes de los poderes Ejecutivo y Legislativo, de las\nfiscal\u00edas del estado, as\u00ed como profesionales del derecho, estudiantes y medios\nde comunicaci\u00f3n.<\/p>\n\n\n\n<p>Por otra parte, en un marco de respeto a\nla autonom\u00eda e independencia judicial y con el objetivo de fortalecer\nestrategias, el titular del Poder Judicial sostuvo reuniones de trabajo con el\ndiputado federal Armando Contreras Castillo.<\/p>\n\n\n\n<p>Tambi\u00e9n con el presidente de la Junta de\nCoordinaci\u00f3n Pol\u00edtica, Jucopo, de la 64 Legislatura local, Horacio Sosa\nVillavicencio, y la defensora de los derechos humanos, Y\u00e9sica S\u00e1nchez Maya.<\/p>\n\n\n\n<p>Adem\u00e1s, atendiendo las medidas de sana\ndistancia y las recomendaciones sanitarias, el magistrado presidente estableci\u00f3\nen su agenda de trabajo las videoconferencias y reuniones virtuales para dar\nseguimiento a los avances, programas y proyectos. <\/p>\n\n\n\n<p>En este sentido, a nivel nacional el\nTribunal Superior de Justicia ha sido reconocido por la Comisi\u00f3n Nacional para Prevenir\ny Erradicar la Violencia Contra las Mujeres (Conavim) por cumplir con las\nmedidas de contingencia establecidas ante la pandemia del COVID-19, e\nimplementar acciones que permiten el acceso a la justicia de las mujeres.<\/p>\n\n\n\n<p>Entre las actividades del magistrado presidente\ndestacan tambi\u00e9n la firma de convenios de colaboraci\u00f3n con el Colegio Oaxaque\u00f1o\nde Doctores en Derecho y la Asociaci\u00f3n Civil Juristas de laMixteca, ambos en\nmateria acad\u00e9mica, con el objetivo de impulsar y fortalecer la eficiencia en la\nadministraci\u00f3n de justicia.<\/p>\n","protected":false},"excerpt":{"rendered":"<p>Redacci\u00f3n\/Zona Roja. Oaxaca de Ju\u00e1rez, Oax., 6 de abril de 2020.- El titular del Poder&hellip;<\/p>\n","protected":false},"author":2,"featured_media":10767,"comment_status":"closed","ping_status":"open","sticky":false,"template":"","format":"standard","meta":{"_lmt_disableupdate":"","_lmt_disable":"","_jetpack_memberships_contains_paid_content":false,"footnotes":""},"categories":[109,46],"tags":[1369],"class_list":["post-10766","post","type-post","status-publish","format-standard","has-post-thumbnail","hentry","category-minuto-a-minuto","category-zona-blanca","tag-tribunal-superior-de-justicia-de-oaxacatsejo"],"jetpack_featured_media_url":"https:\/\/zonaroja.com.mx\/wp-content\/uploads\/2020\/04\/REUNIONES-MAGISTRADO-PRESIDENTE.jpg","jetpack_sharing_enabled":true,"_links":{"self":[{"href":"https:\/\/zonaroja.com.mx\/index.php?rest_route=\/wp\/v2\/posts\/10766","targetHints":{"allow":["GET"]}}],"collection":[{"href":"https:\/\/zonaroja.com.mx\/index.php?rest_route=\/wp\/v2\/posts"}],"about":[{"href":"https:\/\/zonaroja.com.mx\/index.php?rest_route=\/wp\/v2\/types\/post"}],"author":[{"embeddable":true,"href":"https:\/\/zonaroja.com.mx\/index.php?rest_route=\/wp\/v2\/users\/2"}],"replies":[{"embeddable":true,"href":"https:\/\/zonaroja.com.mx\/index.php?rest_route=%2Fwp%2Fv2%2Fcomments&post=10766"}],"version-history":[{"count":1,"href":"https:\/\/zonaroja.com.mx\/index.php?rest_route=\/wp\/v2\/posts\/10766\/revisions"}],"predecessor-version":[{"id":10768,"href":"https:\/\/zonaroja.com.mx\/index.php?rest_route=\/wp\/v2\/posts\/10766\/revisions\/10768"}],"wp:featuredmedia":[{"embeddable":true,"href":"https:\/\/zonaroja.com.mx\/index.php?rest_route=\/wp\/v2\/media\/10767"}],"wp:attachment":[{"href":"https:\/\/zonaroja.com.mx\/index.php?rest_route=%2Fwp%2Fv2%2Fmedia&parent=10766"}],"wp:term":[{"taxonomy":"category","embeddable":true,"href":"https:\/\/zonaroja.com.mx\/index.php?rest_route=%2Fwp%2Fv2%2Fcategories&post=10766"},{"taxonomy":"post_tag","embeddable":true,"href":"https:\/\/zonaroja.com.mx\/index.php?rest_route=%2Fwp%2Fv2%2Ftags&post=10766"}],"curies":[{"name":"wp","href":"https:\/\/api.w.org\/{rel}","templated":true}]}}