{"id":10769,"date":"2020-04-06T16:18:45","date_gmt":"2020-04-06T21:18:45","guid":{"rendered":"http:\/\/www.zonaroja.com.mx\/?p=10769"},"modified":"2020-04-06T16:18:49","modified_gmt":"2020-04-06T21:18:49","slug":"critica-ges-mujer-protocolos-de-detencion-de-vera-carrizal","status":"publish","type":"post","link":"https:\/\/zonaroja.com.mx\/?p=10769","title":{"rendered":"Critica GES Mujer protocolos de detenci\u00f3n de Vera Carrizal"},"content":{"rendered":"\n<p>Yuridiana Sosa\/Zona Roja<\/p>\n\n\n\n<p>Oaxaca de Ju\u00e1rez, Oax., 06 de abril de\n2020.- Ante la detenci\u00f3n de Juan Antonio Vera Carrizal, presunto autor\nintelectual de la agresi\u00f3n con \u00e1cido a Mar\u00eda Elena R\u00edos, la defensora de los\nderechos humanos, Ang\u00e9lica Ayala Ortiz, critic\u00f3 la falta de protocolos en la\ncaptura.<\/p>\n\n\n\n<p>La presidenta del Grupo de Estudios sobre\nla Mujer \u201cRosario Castellanos\u201d (GES Mujer), indic\u00f3 que la detenci\u00f3n del ex\ndiputado local es un logro de la demanda social frente al repudio y exigencia\nde justicia por la violencia feminicida ejercida contra la saxofonista, como\nuna de las cientos de v\u00edctimas en Oaxaca de la violencia de g\u00e9nero.<\/p>\n\n\n\n<p>Pero se\u00f1al\u00f3 que la forma en que la\nSecretar\u00eda de Seguridad P\u00fablica ejerce la acci\u00f3n, adem\u00e1s de las experiencias de\notros casos de detenciones por parte de la Fiscal\u00eda General del Estado, \u201chacen\ndudar de la eficiencia de la aplicaci\u00f3n de la ley, basta mirar las fotograf\u00edas\ny el video que est\u00e1 difundiendo en redes sociales\u201d.<\/p>\n\n\n\n<p>La supuesta aprehensi\u00f3n, dijo la\ndefensora, carece de los elementos m\u00ednimos de protocolo de seguridad.<\/p>\n\n\n\n<p>El ex diputado local del PRI, de acuerdo\ncon las im\u00e1genes divulgas, \u201cse presenta sin esposas, lo cual denota un trato\ndiferenciado con el resto de los implicados detenidos previamente\u201d, expuso\nAyala Ortiz.<\/p>\n\n\n\n<p>Por lo que GES Mujer se mantendr\u00e1\nvigilante del proceso durante los primos d\u00edas, en los que se confirmar\u00e1 la\nexistencia de la voluntad pol\u00edtica para que se aplique justicia o \u201ces un\nespect\u00e1culo medi\u00e1tico para acallar las voces que exigen justicia, para\nfinalmente terminar como un caso m\u00e1s de impunidad\u201d.<\/p>\n\n\n\n<p>As\u00ed como se\u00f1alar, en caso necesario, si\nla justicia se aplicar\u00e1 desde una visi\u00f3n mis\u00f3gina y patriarcal que \u201cdesvanezca\nlas agravantes\u201d o que por \u201cvicios al debido proceso o cualquier otra\nmanipulaci\u00f3n legal termine aplicando una sanci\u00f3n m\u00ednima y qu\u00e9 al disminuir la\npresi\u00f3n social, sea dejado en libertad\u201d.<\/p>\n\n\n\n<p>La feminista record\u00f3 que el caso de la\nsaxofonista, la participaci\u00f3n de la sociedad civil ha establecido las pautas\ndel actuar de la Fiscal\u00eda General de Oaxaca, desde la reclasificaci\u00f3n del\ndelito por lesiones a feminicidio en grado de tentativa, adem\u00e1s de la atenci\u00f3n\nespecializada que se le brind\u00f3 despu\u00e9s de meses de sufrimiento en el Hospital\nGeneral \u201cDr. Aurelio Valdivieso\u201d y la tipificaci\u00f3n del delito de ataque con\n\u00e1cido.<\/p>\n","protected":false},"excerpt":{"rendered":"<p>Yuridiana Sosa\/Zona Roja Oaxaca de Ju\u00e1rez, Oax., 06 de abril de 2020.- Ante la detenci\u00f3n&hellip;<\/p>\n","protected":false},"author":2,"featured_media":10770,"comment_status":"closed","ping_status":"open","sticky":false,"template":"","format":"standard","meta":{"_lmt_disableupdate":"","_lmt_disable":"","_jetpack_memberships_contains_paid_content":false,"footnotes":""},"categories":[109,47],"tags":[1144],"class_list":["post-10769","post","type-post","status-publish","format-standard","has-post-thumbnail","hentry","category-minuto-a-minuto","category-zona-gris","tag-juan-antonio-vera-carrizal"],"jetpack_featured_media_url":"https:\/\/zonaroja.com.mx\/wp-content\/uploads\/2020\/04\/Juan-Antonio-Vera-c..jpg","jetpack_sharing_enabled":true,"_links":{"self":[{"href":"https:\/\/zonaroja.com.mx\/index.php?rest_route=\/wp\/v2\/posts\/10769","targetHints":{"allow":["GET"]}}],"collection":[{"href":"https:\/\/zonaroja.com.mx\/index.php?rest_route=\/wp\/v2\/posts"}],"about":[{"href":"https:\/\/zonaroja.com.mx\/index.php?rest_route=\/wp\/v2\/types\/post"}],"author":[{"embeddable":true,"href":"https:\/\/zonaroja.com.mx\/index.php?rest_route=\/wp\/v2\/users\/2"}],"replies":[{"embeddable":true,"href":"https:\/\/zonaroja.com.mx\/index.php?rest_route=%2Fwp%2Fv2%2Fcomments&post=10769"}],"version-history":[{"count":1,"href":"https:\/\/zonaroja.com.mx\/index.php?rest_route=\/wp\/v2\/posts\/10769\/revisions"}],"predecessor-version":[{"id":10771,"href":"https:\/\/zonaroja.com.mx\/index.php?rest_route=\/wp\/v2\/posts\/10769\/revisions\/10771"}],"wp:featuredmedia":[{"embeddable":true,"href":"https:\/\/zonaroja.com.mx\/index.php?rest_route=\/wp\/v2\/media\/10770"}],"wp:attachment":[{"href":"https:\/\/zonaroja.com.mx\/index.php?rest_route=%2Fwp%2Fv2%2Fmedia&parent=10769"}],"wp:term":[{"taxonomy":"category","embeddable":true,"href":"https:\/\/zonaroja.com.mx\/index.php?rest_route=%2Fwp%2Fv2%2Fcategories&post=10769"},{"taxonomy":"post_tag","embeddable":true,"href":"https:\/\/zonaroja.com.mx\/index.php?rest_route=%2Fwp%2Fv2%2Ftags&post=10769"}],"curies":[{"name":"wp","href":"https:\/\/api.w.org\/{rel}","templated":true}]}}