{"id":10774,"date":"2020-04-06T19:29:29","date_gmt":"2020-04-07T00:29:29","guid":{"rendered":"http:\/\/www.zonaroja.com.mx\/?p=10774"},"modified":"2020-04-06T19:29:33","modified_gmt":"2020-04-07T00:29:33","slug":"vera-carrizal-se-entrego-confirma-sspo-hoy-mismo-inicia-juicio-fiscalia","status":"publish","type":"post","link":"https:\/\/zonaroja.com.mx\/?p=10774","title":{"rendered":"Vera Carrizal se entreg\u00f3, confirma SSPO; hoy mismo inicia juicio: Fiscal\u00eda"},"content":{"rendered":"\n<p>Ismael Garc\u00eda M.\/Zona Roja.<\/p>\n\n\n\n<p>Oaxaca de Ju\u00e1rez, Oax., 6 de abril de\n2020.- La Secretar\u00eda de Seguridad P\u00fablica de Oaxaca (SSPO) confirm\u00f3 la\ndetenci\u00f3n de Juan Antonio Vera Carrizal (Juan Antonio V. C., una vez que acudi\u00f3\na entregarse a la sede del Centro de Comando, Control y &nbsp;Comunicaci\u00f3n (C-4), en la ciudad capital.<\/p>\n\n\n\n<p>En tanto, la Fiscal\u00eda General del Estado\nde Oaxaca inform\u00f3 que hoy mismo dar\u00e1 inicio a la audiencia del aprehendido, en\nel centro de justicia con sede en Huajuapan de Le\u00f3n, una vez que fue\ntrasladado; reconoci\u00f3 la intervenci\u00f3n de la SSPO en esta captura.<\/p>\n\n\n\n<p>Ambos titulares, Ra\u00fal Ernesto Salcedo y Rub\u00e9n\nVasconcelos M\u00e9ndez, respectivamente, dieron hoy una conferencia de prensa\nconjunta en las instalaciones del C-4, para dar m\u00e1s detalles respecto al caso\nde quien es acusado de ser uno de los dos autores intelectuales de la agresi\u00f3n\na la joven saxofonista Mar\u00eda Elena R\u00edos Ortiz, perpetrado el 9 de septiembre de\n2019.<\/p>\n\n\n\n<p>\u201cHoy por la ma\u00f1ana fue detenido Juan Antonio V. C.; de acuerdo con las instrucciones que hemos recibido por parte del gobernador Alejandro Murat Hinojosa, esta Secretar\u00eda se empe\u00f1\u00f3 de manera coadyuvante a las tareas de investigaci\u00f3n coordinadas por la Fiscal\u00eda General del Estado.<\/p>\n\n\n\n<figure class=\"wp-block-embed-twitter wp-block-embed is-type-rich is-provider-twitter\"><div class=\"wp-block-embed__wrapper\">\n<div class=\"twitter-tweet\"><blockquote class=\"twitter-tweet\" data-lang=\"es\"><p lang=\"es\" dir=\"ltr\"><a href=\"https:\/\/twitter.com\/hashtag\/%C3%9AltimoMinuto?src=hash&amp;ref_src=twsrc%5Etfw\">#\u00daltimoMinuto<\/a> <br>(1) En conferencia de prensa, el titular de la <a href=\"https:\/\/twitter.com\/SSP_GobOax?ref_src=twsrc%5Etfw\">@SSP_GobOax<\/a>, Ra\u00fal Ernesto Salcedo, confirm\u00f3 la detenci\u00f3n de Juan Antonio V. C., una vez que lleg\u00f3 por sus medios a las instalaciones del C-4 y se entreg\u00f3. <a href=\"https:\/\/t.co\/X4SALa6DxI\">pic.twitter.com\/X4SALa6DxI<\/a><\/p>&mdash; Zona Roja Oaxaca (@MexRoja) <a href=\"https:\/\/twitter.com\/MexRoja\/status\/1247309101752881155?ref_src=twsrc%5Etfw\">6 de abril de 2020<\/a><\/blockquote><\/div>\n<\/div><\/figure>\n\n\n\n<p>\u201cLo anterior con el objetivo \u00fanico de\nlograr la detenci\u00f3n de todos los presuntos responsables de este hecho delictivo\npara su presentaci\u00f3n ante las autoridades correspondientes.<\/p>\n\n\n\n<p>\u201cDe este modo la Secretar\u00eda de Seguridad\nreitera a la sociedad oaxaque\u00f1a el firme compromiso del Gobierno del Estado en\nel combate a la delincuencia, la impunidad y particularmente contra los actos\nque pongan en riesgo la integridad f\u00edsica de las mujeres\u201d, dijo Salcedo\nRosales.<\/p>\n\n\n\n<p>A\u00f1adi\u00f3 que desde septiembre pasado se\nhan llevado acciones conjuntas y coordinadas de investigaci\u00f3n e inteligencia,\nmismas que han permitido la aprehensi\u00f3n de distintos implicados en este hecho.<\/p>\n\n\n\n<p>\u201cEs as\u00ed que despu\u00e9s de varios meses de investigaci\u00f3n,\nse logr\u00f3 que Juan Antonio V. C. se presentara de manera voluntaria al C-4, de\nesta secretar\u00eda, donde despu\u00e9s de la identificaci\u00f3n de identidad y\ncertificaci\u00f3n correspondiente, se procedi\u00f3 a llevar a cabo su detenci\u00f3n\u201d,\nexpuso en la conferencia.<\/p>\n\n\n\n<p>Mientras tanto, el fiscal Vasconcelos\nM\u00e9ndez expuso que fue a las 11:40 en que la instancia de procuraci\u00f3n de\njusticia ejecut\u00f3 la orden de ejecuci\u00f3n contra Juan Antonio V. C., proveniente\nde la causa penal 0533\/2019 emitida por el juez de control en materia penal,\ncon sede en Huajuapan, por el delito de tentativa de feminicidio.<\/p>\n\n\n\n<p>\u201cEl se\u00f1or Vera Carrizal se entreg\u00f3 personalmente a estas instalaciones (C-4) y de inmediato se traslad\u00f3 personal de la Agencia Estatal de Investigaciones a ejecutar la orden de aprehensi\u00f3n.<\/p>\n\n\n\n<figure class=\"wp-block-embed-twitter wp-block-embed is-type-rich is-provider-twitter\"><div class=\"wp-block-embed__wrapper\">\n<div class=\"twitter-tweet\"><blockquote class=\"twitter-tweet\" data-lang=\"es\"><p lang=\"es\" dir=\"ltr\"><a href=\"https:\/\/twitter.com\/hashtag\/%C3%9AltimoMinuto?src=hash&amp;ref_src=twsrc%5Etfw\">#\u00daltimoMinuto<\/a> <br>(2) Por su parte, el titular de la <a href=\"https:\/\/twitter.com\/FISCALIA_GobOax?ref_src=twsrc%5Etfw\">@FISCALIA_GobOax<\/a>, <a href=\"https:\/\/twitter.com\/RVasconcelosM?ref_src=twsrc%5Etfw\">@RVasconcelosM<\/a>, inform\u00f3 que hoy mismo se realizar\u00e1 la audiencia de imputaci\u00f3n contra Juan Antonio V. C.; reconoci\u00f3 el apoyo de la <a href=\"https:\/\/twitter.com\/SSP_GobOax?ref_src=twsrc%5Etfw\">@SSP_GobOax<\/a> en \u00e9sta y la captura de otro implicado en el caso Mar\u00eda Elena. <a href=\"https:\/\/t.co\/SgU0wkM2hk\">pic.twitter.com\/SgU0wkM2hk<\/a><\/p>&mdash; Zona Roja Oaxaca (@MexRoja) <a href=\"https:\/\/twitter.com\/MexRoja\/status\/1247312410282799108?ref_src=twsrc%5Etfw\">6 de abril de 2020<\/a><\/blockquote><\/div>\n<\/div><\/figure>\n\n\n\n<p>\u201cLa presentaci\u00f3n voluntaria no corre en\nbeneficio de Vera Carrizal; nosotros vamos a sostener firmemente nuestra\nimputaci\u00f3n por tentativa de feminicidio y hacerlo responder ante los\ntribunales. Es el cuarto capturado de cinco implicados en este hecho cometido\ncontra Mar\u00eda Elena\u201d, expuso.<\/p>\n\n\n\n<p>A\u00f1adi\u00f3 que falta ejecutar otra orden de\naprehensi\u00f3n (contra el hijo de Juan Antonio V. C.)&nbsp; y reconoci\u00f3 el respaldo de la Secretar\u00eda de\nSeguridad P\u00fablica en la detenci\u00f3n de este domingo como el de la semana pasada. <\/p>\n\n\n\n<p>Explic\u00f3 que este mismo d\u00eda el se\u00f1alado fue\ntrasladado al centro de justicia de Huajuapan de Le\u00f3n, donde esta misma tarde\niniciar\u00e1 el juicio, en que se prev\u00e9 que sea vinculado a proceso.<\/p>\n","protected":false},"excerpt":{"rendered":"<p>Ismael Garc\u00eda M.\/Zona Roja. Oaxaca de Ju\u00e1rez, Oax., 6 de abril de 2020.- La Secretar\u00eda&hellip;<\/p>\n","protected":false},"author":2,"featured_media":10775,"comment_status":"closed","ping_status":"open","sticky":false,"template":"","format":"standard","meta":{"_lmt_disableupdate":"","_lmt_disable":"","_jetpack_memberships_contains_paid_content":false,"footnotes":""},"categories":[109,47],"tags":[1595],"class_list":["post-10774","post","type-post","status-publish","format-standard","has-post-thumbnail","hentry","category-minuto-a-minuto","category-zona-gris","tag-detienen-a-juan-antonio-vera-carrizal"],"jetpack_featured_media_url":"https:\/\/zonaroja.com.mx\/wp-content\/uploads\/2020\/04\/Conferencia-SSPO-Fiscal\u00eda-General.jpg","jetpack_sharing_enabled":true,"_links":{"self":[{"href":"https:\/\/zonaroja.com.mx\/index.php?rest_route=\/wp\/v2\/posts\/10774","targetHints":{"allow":["GET"]}}],"collection":[{"href":"https:\/\/zonaroja.com.mx\/index.php?rest_route=\/wp\/v2\/posts"}],"about":[{"href":"https:\/\/zonaroja.com.mx\/index.php?rest_route=\/wp\/v2\/types\/post"}],"author":[{"embeddable":true,"href":"https:\/\/zonaroja.com.mx\/index.php?rest_route=\/wp\/v2\/users\/2"}],"replies":[{"embeddable":true,"href":"https:\/\/zonaroja.com.mx\/index.php?rest_route=%2Fwp%2Fv2%2Fcomments&post=10774"}],"version-history":[{"count":1,"href":"https:\/\/zonaroja.com.mx\/index.php?rest_route=\/wp\/v2\/posts\/10774\/revisions"}],"predecessor-version":[{"id":10776,"href":"https:\/\/zonaroja.com.mx\/index.php?rest_route=\/wp\/v2\/posts\/10774\/revisions\/10776"}],"wp:featuredmedia":[{"embeddable":true,"href":"https:\/\/zonaroja.com.mx\/index.php?rest_route=\/wp\/v2\/media\/10775"}],"wp:attachment":[{"href":"https:\/\/zonaroja.com.mx\/index.php?rest_route=%2Fwp%2Fv2%2Fmedia&parent=10774"}],"wp:term":[{"taxonomy":"category","embeddable":true,"href":"https:\/\/zonaroja.com.mx\/index.php?rest_route=%2Fwp%2Fv2%2Fcategories&post=10774"},{"taxonomy":"post_tag","embeddable":true,"href":"https:\/\/zonaroja.com.mx\/index.php?rest_route=%2Fwp%2Fv2%2Ftags&post=10774"}],"curies":[{"name":"wp","href":"https:\/\/api.w.org\/{rel}","templated":true}]}}