{"id":10787,"date":"2020-04-06T23:40:41","date_gmt":"2020-04-07T04:40:41","guid":{"rendered":"https:\/\/www.zonaroja.com.mx\/?p=10787"},"modified":"2020-04-06T23:40:43","modified_gmt":"2020-04-07T04:40:43","slug":"designan-nuevo-subsecretario-de-los-sso-y-destituyen-a-jefe-de-jurisdiccion-sanitaria","status":"publish","type":"post","link":"https:\/\/zonaroja.com.mx\/?p=10787","title":{"rendered":"Designan nuevo subsecretario de los SSO y destituyen a jefe de Jurisdicci\u00f3n Sanitaria"},"content":{"rendered":"\n<p>Redacci\u00f3n\/Zona Roja.<\/p>\n\n\n\n<p>Oaxaca de Ju\u00e1rez, Oax. 6 de abril de 2020. Los Servicios de Salud de Oaxaca (SSO) designaron esta noche a Juan Carlos M\u00e1rquez como subsecretario de la dependencia, en sustituci\u00f3n de Amairani Morales.<\/p>\n\n\n\n<p>Por otra parte, en un comunicado informaron de la destituci\u00f3n del Jefe de la Jurisdicci\u00f3n Sanitaria n\u00famero 2 de los SSO, con sede en el Istmo de Tehuantepec (Daniel L\u00f3pez Regalado); \u201cluego de haber trascendido sobre su comportamiento inadecuado con personal m\u00e9dico y usuarios de un hospital p\u00fablico\u201d.<\/p>\n\n\n\n<p>Expuso que la medida fue tomada con la finalidad de dar paso a las investigaciones correspondientes sobre supuestos actos de agresi\u00f3n por parte del ahora ex funcionario. \u201cToda vez que dicha actitud no refleja los principios de respeto, integridad, ni vocaci\u00f3n de servicio a la ciudadan\u00eda\u201d.<\/p>\n\n\n\n<p>A\u00f1adi\u00f3 que dicha persona se encuentra estabilizada, recibiendo atenci\u00f3n m\u00e9dica y psicol\u00f3gica, bajo permanente vigilancia, al dar positivo al coronavirus COVID-19.<\/p>\n\n\n\n<p>Desde el fin de semana pasado se divulg\u00f3 que que el ahora ex funcionario dio positivo con coronavirus y que al presuntamente no recibir atenci\u00f3n adecuada, se sali\u00f3 del hospital del ISSSTE de la capital de Oaxaca.<\/p>\n\n\n\n<p>De ah\u00ed se fue al Hospital de Especialidades, donde supuestamente arm\u00f3 esc\u00e1ndalo y tosi\u00f3 en p\u00fablico para contaminar al personal. <\/p>\n","protected":false},"excerpt":{"rendered":"<p>Redacci\u00f3n\/Zona Roja. Oaxaca de Ju\u00e1rez, Oax. 6 de abril de 2020. Los Servicios de Salud&hellip;<\/p>\n","protected":false},"author":2,"featured_media":9986,"comment_status":"closed","ping_status":"open","sticky":false,"template":"","format":"standard","meta":{"_lmt_disableupdate":"","_lmt_disable":"","_jetpack_memberships_contains_paid_content":false,"footnotes":""},"categories":[109,47],"tags":[1497],"class_list":["post-10787","post","type-post","status-publish","format-standard","has-post-thumbnail","hentry","category-minuto-a-minuto","category-zona-gris","tag-coronavirus-en-oaxaca"],"jetpack_featured_media_url":"https:\/\/zonaroja.com.mx\/wp-content\/uploads\/2020\/03\/Servicios-de-Salud-de-Oaxaca-2.png","jetpack_sharing_enabled":true,"_links":{"self":[{"href":"https:\/\/zonaroja.com.mx\/index.php?rest_route=\/wp\/v2\/posts\/10787","targetHints":{"allow":["GET"]}}],"collection":[{"href":"https:\/\/zonaroja.com.mx\/index.php?rest_route=\/wp\/v2\/posts"}],"about":[{"href":"https:\/\/zonaroja.com.mx\/index.php?rest_route=\/wp\/v2\/types\/post"}],"author":[{"embeddable":true,"href":"https:\/\/zonaroja.com.mx\/index.php?rest_route=\/wp\/v2\/users\/2"}],"replies":[{"embeddable":true,"href":"https:\/\/zonaroja.com.mx\/index.php?rest_route=%2Fwp%2Fv2%2Fcomments&post=10787"}],"version-history":[{"count":1,"href":"https:\/\/zonaroja.com.mx\/index.php?rest_route=\/wp\/v2\/posts\/10787\/revisions"}],"predecessor-version":[{"id":10788,"href":"https:\/\/zonaroja.com.mx\/index.php?rest_route=\/wp\/v2\/posts\/10787\/revisions\/10788"}],"wp:featuredmedia":[{"embeddable":true,"href":"https:\/\/zonaroja.com.mx\/index.php?rest_route=\/wp\/v2\/media\/9986"}],"wp:attachment":[{"href":"https:\/\/zonaroja.com.mx\/index.php?rest_route=%2Fwp%2Fv2%2Fmedia&parent=10787"}],"wp:term":[{"taxonomy":"category","embeddable":true,"href":"https:\/\/zonaroja.com.mx\/index.php?rest_route=%2Fwp%2Fv2%2Fcategories&post=10787"},{"taxonomy":"post_tag","embeddable":true,"href":"https:\/\/zonaroja.com.mx\/index.php?rest_route=%2Fwp%2Fv2%2Ftags&post=10787"}],"curies":[{"name":"wp","href":"https:\/\/api.w.org\/{rel}","templated":true}]}}