{"id":10789,"date":"2020-04-07T07:46:49","date_gmt":"2020-04-07T12:46:49","guid":{"rendered":"http:\/\/www.zonaroja.com.mx\/?p=10789"},"modified":"2020-04-07T07:46:52","modified_gmt":"2020-04-07T12:46:52","slug":"sera-hasta-manana-juicio-contra-juan-antonio-v-c-le-dan-prision-preventiva","status":"publish","type":"post","link":"https:\/\/zonaroja.com.mx\/?p=10789","title":{"rendered":"Ser\u00e1 hasta ma\u00f1ana juicio contra Juan Antonio V. C.; le dan prisi\u00f3n preventiva"},"content":{"rendered":"\n<p>Ismael Garc\u00eda M.\/Zona Roja.<\/p>\n\n\n\n<p>Oaxaca de Ju\u00e1rez, Oax., 7 de abril de\n2020.- Para ma\u00f1ana mi\u00e9rcoles a las 18:00 horas fue diferida la audiencia de\nvinculaci\u00f3n a proceso de Juan Antonio V. C., acusado de ser uno de los dos autores\nintelectuales de la agresi\u00f3n con \u00e1cido a Mar\u00eda Elena R\u00edos Ortiz.<\/p>\n\n\n\n<p>Tras su detenci\u00f3n ayer en la ma\u00f1ana por\nparte de la Secretar\u00eda de Seguridad P\u00fablica de Oaxaca (SSPO), el ex diputado\nlocal por el PVEM-PRI, fue puesto a disposici\u00f3n de la Fiscal\u00eda General del\nEstado de Oaxaca, que a su vez lo traslad\u00f3 al centro de justicia con sede en\nHuajuapan de Le\u00f3n.<\/p>\n\n\n\n<p>En la audiencia de comunicaci\u00f3n de\nimputaci\u00f3n, la defensa pidi\u00f3 la ampliaci\u00f3n del t\u00e9rmino constitucional, por lo\nque ser\u00e1 hasta ma\u00f1ana en que se reanude la audiencia, mientras tanto se le\ndecret\u00f3 prisi\u00f3n preventiva.<\/p>\n\n\n\n<p>Hasta el momento suman cuatro personas\ndetenidas, dos de ellas como autores materiales y que a\u00fan no han sido\nsentenciados; dos de ellas detenidos por personal de la Secretar\u00eda de Seguridad\nP\u00fablica. Falta por aprehender a Juan Vera Hern\u00e1ndez.<\/p>\n","protected":false},"excerpt":{"rendered":"<p>Ismael Garc\u00eda M.\/Zona Roja. Oaxaca de Ju\u00e1rez, Oax., 7 de abril de 2020.- Para ma\u00f1ana&hellip;<\/p>\n","protected":false},"author":2,"featured_media":10790,"comment_status":"closed","ping_status":"open","sticky":false,"template":"","format":"standard","meta":{"_lmt_disableupdate":"","_lmt_disable":"","_jetpack_memberships_contains_paid_content":false,"footnotes":""},"categories":[109,47],"tags":[1144],"class_list":["post-10789","post","type-post","status-publish","format-standard","has-post-thumbnail","hentry","category-minuto-a-minuto","category-zona-gris","tag-juan-antonio-vera-carrizal"],"jetpack_featured_media_url":"https:\/\/zonaroja.com.mx\/wp-content\/uploads\/2020\/04\/Vera-Carrizal-llega-a-Huaj.jpg","jetpack_sharing_enabled":true,"_links":{"self":[{"href":"https:\/\/zonaroja.com.mx\/index.php?rest_route=\/wp\/v2\/posts\/10789","targetHints":{"allow":["GET"]}}],"collection":[{"href":"https:\/\/zonaroja.com.mx\/index.php?rest_route=\/wp\/v2\/posts"}],"about":[{"href":"https:\/\/zonaroja.com.mx\/index.php?rest_route=\/wp\/v2\/types\/post"}],"author":[{"embeddable":true,"href":"https:\/\/zonaroja.com.mx\/index.php?rest_route=\/wp\/v2\/users\/2"}],"replies":[{"embeddable":true,"href":"https:\/\/zonaroja.com.mx\/index.php?rest_route=%2Fwp%2Fv2%2Fcomments&post=10789"}],"version-history":[{"count":1,"href":"https:\/\/zonaroja.com.mx\/index.php?rest_route=\/wp\/v2\/posts\/10789\/revisions"}],"predecessor-version":[{"id":10791,"href":"https:\/\/zonaroja.com.mx\/index.php?rest_route=\/wp\/v2\/posts\/10789\/revisions\/10791"}],"wp:featuredmedia":[{"embeddable":true,"href":"https:\/\/zonaroja.com.mx\/index.php?rest_route=\/wp\/v2\/media\/10790"}],"wp:attachment":[{"href":"https:\/\/zonaroja.com.mx\/index.php?rest_route=%2Fwp%2Fv2%2Fmedia&parent=10789"}],"wp:term":[{"taxonomy":"category","embeddable":true,"href":"https:\/\/zonaroja.com.mx\/index.php?rest_route=%2Fwp%2Fv2%2Fcategories&post=10789"},{"taxonomy":"post_tag","embeddable":true,"href":"https:\/\/zonaroja.com.mx\/index.php?rest_route=%2Fwp%2Fv2%2Ftags&post=10789"}],"curies":[{"name":"wp","href":"https:\/\/api.w.org\/{rel}","templated":true}]}}