{"id":10792,"date":"2020-04-07T08:02:53","date_gmt":"2020-04-07T13:02:53","guid":{"rendered":"http:\/\/www.zonaroja.com.mx\/?p=10792"},"modified":"2020-04-07T08:02:56","modified_gmt":"2020-04-07T13:02:56","slug":"ante-escasez-la-oms-no-sugiere-usar-cubreboca","status":"publish","type":"post","link":"https:\/\/zonaroja.com.mx\/?p=10792","title":{"rendered":"Ante escasez, la OMS no sugiere usar cubreboca"},"content":{"rendered":"\n<p>Redacci\u00f3n\/Zona Roja Cdmx.<\/p>\n\n\n\n<p>Ciudad de M\u00e9xico, 7 de abril de 2020.- La\nOrganizaci\u00f3n Mundial de la Salud (OMS) reiter\u00f3 ayer que s\u00f3lo recomienda el uso\nde mascarillas (cubrebocas) en la poblaci\u00f3n en caso de personas enfermas o que\ncuiden a un paciente en su casa, en medio de la escasez de dichos insumos por\nla pandemia de Covid-19.<\/p>\n\n\n\n<p>\u201cNo hay respuesta binaria ni soluci\u00f3n\nmilagro. Las mascarillas solas no pueden frenar la pandemia de Covid-19\u201d,\nsubray\u00f3 el director de la OMS, el et\u00edope Tedros Adhanom Ghebreyesus, durante\nuna conferencia de prensa en l\u00ednea.<\/p>\n\n\n\n<p>Su uso debe reservarse para los\nprofesionales sanitarios dada la escasez y puede estar justificado entre la\npoblaci\u00f3n si otras medidas, como el lavado de manos y la distancia f\u00edsica no\nson f\u00e1ciles de poner en pr\u00e1ctica, a\u00f1adi\u00f3, luego de que varios pa\u00edses ordenaron a\nsus habitantes utilizarlas al salir a la calle.<\/p>\n\n\n\n<p>Adhanom conden\u00f3 las declaraciones\nracistas de cient\u00edficos que pretenden que \u00c1frica sea un terreno de pruebas para\nuna vacuna contra la enfermedad. Este tipo de declaraciones racistas no hacen\navanzar nada. La herencia de la mentalidad colonial debe terminar, afirm\u00f3.<\/p>\n\n\n\n<p>A escala global hay un mill\u00f3n 346 mil\n299 contagios, 74 mil 679 muertos y 276 mil 636 recuperados en 183 naciones o\nterritorios, de acuerdo con el conteo de la Universidad Johns Hopkins.<\/p>\n\n\n\n<p>La Uni\u00f3n Europa enfrenta la mayor prueba\ndesde su fundaci\u00f3n debido a la pandemia, dijo la canciller alemana Angela\nMerkel, quien pidi\u00f3 m\u00e1s soberan\u00eda europea para la producci\u00f3n de mascarillas\nsanitarias contra el coronavirus.<\/p>\n\n\n\n<p>Hasta ayer hab\u00eda m\u00e1s de 50 mil muertos\nen Europa; el balance de decesos por Covid-19 en Italia, el pa\u00eds m\u00e1s golpeado,\nvolvi\u00f3 a aumentar, con otros 636 fallecimientos en 24 horas, tras dos jornadas\nconsecutivas a la baja.<\/p>\n\n\n\n<p>Las trabajadoras sexuales en Francia\npidieron al gobierno un fondo de emergencia para compensar su p\u00e9rdida de\ningresos tras el confinamiento impuesto en el pa\u00eds para combatir el brote\nviral.<\/p>\n\n\n\n<p>China tuvo su primer d\u00eda sin muertes por\ncoronavirus desde el comienzo de la pandemia en diciembre pasado. Adem\u00e1s, se\ndetectaron solo 32 nuevos casos, todos importados.<\/p>\n\n\n\n<p>Por otra parte, militares estadunidenses\nen Corea del Sur usan un algod\u00f3n empapado de vinagre natural para determinar si\nuna persona est\u00e1 contagiada o no del nuevo coronavirus, ya que uno de los\ns\u00edntomas es la p\u00e9rdida del olfato, inform\u00f3 el medio \u201cStars and Stripes\u201d.<\/p>\n\n\n\n<p>Un m\u00e9todo similar se aplica en algunos\nhospitales surcoreanos ante la pandemia.<\/p>\n\n\n\n<p>La OMS advirti\u00f3 que faltan 6 millones de\nenfermeros en el mundo y pidi\u00f3 que se tomen medidas urgentes para paliar este\nd\u00e9ficit que ha quedado al desnudo con la pandemia.<\/p>\n\n\n\n<p>En un nuevo informe sobre el estado de\nla enfermer\u00eda en el mundo, la agencia de salud de la ONU, Nursing Now y el\nConsejo Internacional de Enfermer\u00eda destacan el importante papel desempe\u00f1ado\npor estos trabajadores de la salud, en su mayor\u00eda mujeres, que representan m\u00e1s\nde la mitad de los trabajadores sanitarios a escala mundial.<\/p>\n\n\n\n<p>(Con informaci\u00f3n de \u201cLa Jornada\u201d y\nagencias internacionales)<\/p>\n","protected":false},"excerpt":{"rendered":"<p>Redacci\u00f3n\/Zona Roja Cdmx. Ciudad de M\u00e9xico, 7 de abril de 2020.- La Organizaci\u00f3n Mundial de&hellip;<\/p>\n","protected":false},"author":2,"featured_media":10793,"comment_status":"closed","ping_status":"open","sticky":false,"template":"","format":"standard","meta":{"_lmt_disableupdate":"","_lmt_disable":"","_jetpack_memberships_contains_paid_content":false,"footnotes":""},"categories":[109,47],"tags":[1510],"class_list":["post-10792","post","type-post","status-publish","format-standard","has-post-thumbnail","hentry","category-minuto-a-minuto","category-zona-gris","tag-coronavirus-pandemia-global"],"jetpack_featured_media_url":"https:\/\/zonaroja.com.mx\/wp-content\/uploads\/2020\/04\/cubrebocas-1.jpg","jetpack_sharing_enabled":true,"_links":{"self":[{"href":"https:\/\/zonaroja.com.mx\/index.php?rest_route=\/wp\/v2\/posts\/10792","targetHints":{"allow":["GET"]}}],"collection":[{"href":"https:\/\/zonaroja.com.mx\/index.php?rest_route=\/wp\/v2\/posts"}],"about":[{"href":"https:\/\/zonaroja.com.mx\/index.php?rest_route=\/wp\/v2\/types\/post"}],"author":[{"embeddable":true,"href":"https:\/\/zonaroja.com.mx\/index.php?rest_route=\/wp\/v2\/users\/2"}],"replies":[{"embeddable":true,"href":"https:\/\/zonaroja.com.mx\/index.php?rest_route=%2Fwp%2Fv2%2Fcomments&post=10792"}],"version-history":[{"count":1,"href":"https:\/\/zonaroja.com.mx\/index.php?rest_route=\/wp\/v2\/posts\/10792\/revisions"}],"predecessor-version":[{"id":10794,"href":"https:\/\/zonaroja.com.mx\/index.php?rest_route=\/wp\/v2\/posts\/10792\/revisions\/10794"}],"wp:featuredmedia":[{"embeddable":true,"href":"https:\/\/zonaroja.com.mx\/index.php?rest_route=\/wp\/v2\/media\/10793"}],"wp:attachment":[{"href":"https:\/\/zonaroja.com.mx\/index.php?rest_route=%2Fwp%2Fv2%2Fmedia&parent=10792"}],"wp:term":[{"taxonomy":"category","embeddable":true,"href":"https:\/\/zonaroja.com.mx\/index.php?rest_route=%2Fwp%2Fv2%2Fcategories&post=10792"},{"taxonomy":"post_tag","embeddable":true,"href":"https:\/\/zonaroja.com.mx\/index.php?rest_route=%2Fwp%2Fv2%2Ftags&post=10792"}],"curies":[{"name":"wp","href":"https:\/\/api.w.org\/{rel}","templated":true}]}}