{"id":10795,"date":"2020-04-07T09:34:07","date_gmt":"2020-04-07T14:34:07","guid":{"rendered":"https:\/\/www.zonaroja.com.mx\/?p=10795"},"modified":"2020-04-07T14:22:40","modified_gmt":"2020-04-07T19:22:40","slug":"maria-elena-califica-detencion-de-juan-antonio-v-c-como-un-teatro-de-las-autoridades","status":"publish","type":"post","link":"https:\/\/zonaroja.com.mx\/?p=10795","title":{"rendered":"Mar\u00eda Elena califica detenci\u00f3n de Juan Antonio V. C. como un teatro de las autoridades"},"content":{"rendered":"\n<p>Evlin Arag\u00f3n\/Zona Roja.<br \/>Oaxaca de Ju\u00e1rez, Oax., 7 de abril de 2020.- Como un teatro calific\u00f3 Mar\u00eda Elena R\u00edos Ortiz la entrega \u201cvoluntaria\u201d y posterior detenci\u00f3n del ex diputado local Juan Antonio V. C., pese a que en los \u00faltimos siete meses hab\u00eda presumido su inocencia en medios de comunicaci\u00f3n y redes sociales e incluso mont\u00f3 una campa\u00f1a medi\u00e1tica para intentar desprestigiarla y minimizar las acusaciones en su contra.<\/p>\n\n\n\n<p><br \/>\u201cNo es justo ese tipo de teatro, si lo van a hacer que por lo menos disimulen &#8230; es claro que hay un trato preferencial de parte de las autoridades que ni siquiera se atrevieron a esposarlo. Yo ahorita no estoy contenta, me est\u00e1 haciendo mucho ruido esta situaci\u00f3n\u201d, dijo la joven en entrevista para un medio televisivo nacional. <br \/><br \/>Detall\u00f3 que los hechos difundidos <a href=\"\/\/1\">este lunes por la tarde<\/a> la hacen sentirse m\u00e1s insegura que de costumbre ya que la entrega de su agresor ante las autoridades estatales qued\u00f3 registrada como una visita de cortes\u00eda en la que incluso saluda al personal de la Fiscal\u00eda de Oaxaca.<br \/><br \/>\u201cDespu\u00e9s de siete meses en los que se ha atrevido a negar su culpabilidad, que incluso se ha escondido, ahora entra como Juan por la puerta de su casa y llegue hasta saludando al personal de la Fiscal\u00eda, quienes casi con reverencia lo reciben, me llama mucho la atenci\u00f3n ese tipo de respeto que le demuestran\u201d, dijo en entrevista con Paola Rojas. <br \/><br \/>Por lo anterior, hizo un llamado directo al presidente del Tribunal Superior de Justicia del Estado, Eduardo Pinacho S\u00e1nchez, y a los jueces que se van a encargar de impartir justicia a que sean neutrales en el caso y se garantice la justicia para ella y su familia, tras el ataque con \u00e1cido del que fue v\u00edctima el pasado 9 de septiembre del 2019,<br \/><br \/>\u201cEs obvio que trae un plan muy estructurado para presentarse de una manera tan c\u00ednica y que en la foto todav\u00eda hasta pose y le d\u00e9 risa\u201d, concluy\u00f3 la joven que <a href=\"\/\/3\">desde la tarde<\/a> de ayer a trav\u00e9s de sus redes sociales agradeci\u00f3 el respaldo de la sociedad y pidi\u00f3 mantenerse atenta del procedimiento penal iniciado para lograr castigo al autor intelectual del ataque con \u00e1cido en su contra.<br \/><br \/>\u201cAgradezco a la sociedad y pido que permanezcamos alertas al proceso que a partir de ahora se inicia, que no quede ning\u00fan cabo suelto y no exista manera de desvirtuar la verdad. #Justicia @alejandromurat @RVasconcelosM @lopezobrador_ @tsjoaxaca @SSP_GobOax\u201d, refiere el breve mensaje emitido de la cuenta @0rtizri0s. <br \/><br \/>Mientras que en la cuenta @TodosSomosMale, integrada por un grupo de colegas de la m\u00fasica que apoyan desde hace meses a Mar\u00eda Elena, pidieron a las autoridades estatales no permitir negociaciones de ning\u00fan tipo y garantizar la justicia integral para la joven saxofonista.<br \/><br \/>\u201cJuan Vera Carrizal no debe ser liberado no se puede permitir negociaciones entre el presidente del @tsjoaxaca \u00abEduardo Pinacho S\u00e1nchez\u00bb y el mismo gobernador de Oaxaca @alejandromurat para que quede libre s\u00f3lo pedimos #JusticiaParaMale\u201d, publicaron la tarde de <a href=\"\/\/5\">este lunes<\/a>.<\/p>\n","protected":false},"excerpt":{"rendered":"<p>Evlin Arag\u00f3n\/Zona Roja.Oaxaca de Ju\u00e1rez, Oax., 7 de abril de 2020.- Como un teatro calific\u00f3&hellip;<\/p>\n","protected":false},"author":2,"featured_media":10770,"comment_status":"closed","ping_status":"open","sticky":false,"template":"","format":"standard","meta":{"_lmt_disableupdate":"","_lmt_disable":"","_jetpack_memberships_contains_paid_content":false,"footnotes":""},"categories":[109,47],"tags":[1144],"class_list":["post-10795","post","type-post","status-publish","format-standard","has-post-thumbnail","hentry","category-minuto-a-minuto","category-zona-gris","tag-juan-antonio-vera-carrizal"],"jetpack_featured_media_url":"https:\/\/zonaroja.com.mx\/wp-content\/uploads\/2020\/04\/Juan-Antonio-Vera-c..jpg","jetpack_sharing_enabled":true,"_links":{"self":[{"href":"https:\/\/zonaroja.com.mx\/index.php?rest_route=\/wp\/v2\/posts\/10795","targetHints":{"allow":["GET"]}}],"collection":[{"href":"https:\/\/zonaroja.com.mx\/index.php?rest_route=\/wp\/v2\/posts"}],"about":[{"href":"https:\/\/zonaroja.com.mx\/index.php?rest_route=\/wp\/v2\/types\/post"}],"author":[{"embeddable":true,"href":"https:\/\/zonaroja.com.mx\/index.php?rest_route=\/wp\/v2\/users\/2"}],"replies":[{"embeddable":true,"href":"https:\/\/zonaroja.com.mx\/index.php?rest_route=%2Fwp%2Fv2%2Fcomments&post=10795"}],"version-history":[{"count":2,"href":"https:\/\/zonaroja.com.mx\/index.php?rest_route=\/wp\/v2\/posts\/10795\/revisions"}],"predecessor-version":[{"id":10805,"href":"https:\/\/zonaroja.com.mx\/index.php?rest_route=\/wp\/v2\/posts\/10795\/revisions\/10805"}],"wp:featuredmedia":[{"embeddable":true,"href":"https:\/\/zonaroja.com.mx\/index.php?rest_route=\/wp\/v2\/media\/10770"}],"wp:attachment":[{"href":"https:\/\/zonaroja.com.mx\/index.php?rest_route=%2Fwp%2Fv2%2Fmedia&parent=10795"}],"wp:term":[{"taxonomy":"category","embeddable":true,"href":"https:\/\/zonaroja.com.mx\/index.php?rest_route=%2Fwp%2Fv2%2Fcategories&post=10795"},{"taxonomy":"post_tag","embeddable":true,"href":"https:\/\/zonaroja.com.mx\/index.php?rest_route=%2Fwp%2Fv2%2Ftags&post=10795"}],"curies":[{"name":"wp","href":"https:\/\/api.w.org\/{rel}","templated":true}]}}