{"id":10797,"date":"2020-04-07T10:14:16","date_gmt":"2020-04-07T15:14:16","guid":{"rendered":"http:\/\/www.zonaroja.com.mx\/?p=10797"},"modified":"2020-04-07T10:14:20","modified_gmt":"2020-04-07T15:14:20","slug":"refuerza-poder-judicial-de-oaxaca-acciones-en-materia-de-violencia-de-genero","status":"publish","type":"post","link":"https:\/\/zonaroja.com.mx\/?p=10797","title":{"rendered":"Refuerza Poder Judicial de Oaxaca acciones en materia de violencia de g\u00e9nero"},"content":{"rendered":"\n<p>Redacci\u00f3n\/Zona Roja.<\/p>\n\n\n\n<p>Oaxaca de Ju\u00e1rez, Oax., 7 de abril de\n2020.- El Poder Judicial del Estado de Oaxaca acord\u00f3 nuevas acciones en materia\nde violencia de g\u00e9nero, que contribuyan a las medidas de contingencia\nimplementadas para prevenir la propagaci\u00f3n del Covid-19.<\/p>\n\n\n\n<p>Entre estas se encuentran guardias\nf\u00edsicas en los juzgados y la l\u00ednea de atenci\u00f3n telef\u00f3nica 800 719 22 32. Ello\nen su compromiso de salvaguardar el derecho de acceso a la justicia de un\nsector de la poblaci\u00f3n hist\u00f3ricamente vulnerable, como son las mujeres, ni\u00f1as,\nni\u00f1os y adolescentes, <\/p>\n\n\n\n<p>Sensible a lo que representa este tema,\nen sesi\u00f3n conjunta, del pleno del Tribunal Superior de Justicia y del Consejo\nde la Judicatura, presidida por el magistrado Eduardo Pinacho S\u00e1nchez, se destac\u00f3\nque ante el riesgo de este sector a ser v\u00edctima de violencia durante el\nconfinamiento establecido, desde el primer momento se tomaron las providencias\nnecesarias para dar seguimiento y atenci\u00f3n a los asuntos urgentes, como el pago\nde pensiones alimenticias y recuperaci\u00f3n de menores, entre otros.<\/p>\n\n\n\n<p>De manera inmediata, en observancia a la\nAlerta Temprana emitida por la Defensor\u00eda de los Derechos Humanos del Pueblo de\nOaxaca (DDHPO) y el Informe \u2018Desprotecci\u00f3n Judicial en tiempos del Covid-19\u2019 de\nla organizaci\u00f3n Equis, Justicia para las Mujeres, se emiti\u00f3 el Acuerdo 3\/2020\ncon la finalidad de que el personal jurisdiccional en el \u00e1mbito de su\ncompetencia, imparta justicia de manera diligente, resolviendo pronta, oportuna\ny expedita los procedimientos relacionados con este sector vulnerable.<\/p>\n\n\n\n<p>En el Acuerdo conjunto, los magistrados,\nas\u00ed como los integrantes del Consejo de la Judicatura, instruyen a que durante\nel per\u00edodo de contingencia, en cada uno de los juzgados en materia familiar o\nmixtos que conozcan de la materia familiar, as\u00ed como en todos los \u00f3rganos\nadministrativos dependientes del Poder judicial del Estado, deber\u00e1 dejarse una\nguardia f\u00edsica rotativa, para atender los tr\u00e1mites o asuntos de car\u00e1cter\nurgente.<\/p>\n\n\n\n<p>En el m\u00f3dulo del Fondo para la\nAdministraci\u00f3n de Justicia que se encuentra instalado en el edificio de los\nJuzgados Civiles y Familiares, en el Ex Marquesado, en la ciudad de Oaxaca, se\ndejar\u00e1 tambi\u00e9n una guardia f\u00edsica que atender\u00e1 la recepci\u00f3n del pago de las\npensiones alimenticias, as\u00ed como la entrega a los acreedores alimentarios de\nlas ordenadas judicialmente.<\/p>\n\n\n\n<p>Independientemente de la presencia\nf\u00edsica de la guardia, en la p\u00e1gina electr\u00f3nica del Poder Judicial del Estado y\nen la puerta de acceso a las oficinas de los juzgados u \u00f3rganos administrativos\npermanecer\u00e1 un aviso haciendo saber al p\u00fablico el rol de guardias, el nombre y\nn\u00famero de celular del juez y secretario correspondiente; del director o\nresponsable del \u00e1rea administrativa de que se trate, con el fin de atender con\nprontitud y sin retraso alguno los tr\u00e1mites o asuntos de car\u00e1cter urgente.<\/p>\n\n\n\n<p>Las demandas, solicitudes o promociones\ndeber\u00e1n recibirse en las oficinas de los juzgados u \u00f3rgano administrativo que\ncorresponda, por el personal de guardia en un horario de 9 a 16 horas, de lunes\na s\u00e1bado, salvo que la ley los considere inh\u00e1biles para actuar.<\/p>\n\n\n\n<p>Por otra parte, la Secretar\u00eda Ejecutiva\ndel Consejo de la Judicatura establecer\u00e1 canales de comunicaci\u00f3n efectiva y\nasertiva con la Secretar\u00eda de las Mujeres de Oaxaca y con las organizaciones\nciviles que trabajan para prevenir, atender y proteger a las mujeres y ni\u00f1as en\nsituaci\u00f3n de violencia.<\/p>\n\n\n\n<p>En especial, con las que operan refugios\npara ellas, a efecto de actuar de manera conjunta ante situaciones de\nemergencia. Adem\u00e1s, deber\u00e1 informar a las juezas y jueces de las opciones\ndisponibles en el distrito judicial.<\/p>\n\n\n\n<p>En materia penal se dar\u00e1 continuidad a\nlas labores de los Juzgados de Control, observ\u00e1ndose las medidas preventivas\ndecretadas en acuerdos y circulares anteriores, en aquellos casos que se\nconsideren de atenci\u00f3n urgente, entre ellos, de manera enunciativa y no\ntaxativa, los relacionados con violencia de g\u00e9nero contra mujeres, ni\u00f1as, ni\u00f1os\ny adolescentes.<\/p>\n\n\n\n<p>Tambi\u00e9n, con el objeto de garantizar la\nprotecci\u00f3n de los derechos de mujeres y ni\u00f1as v\u00edctimas de violencia y dem\u00e1s\ngrupos vulnerables se establece como l\u00ednea de atenci\u00f3n telef\u00f3nica adicional a\nlas ya existentes, el n\u00famero 800 719 22 32 que informar\u00e1 a la ciudadan\u00eda sobre\nlos servicios que se suspenden, los que contin\u00faan vigentes en esta etapa de\ncontingencia, as\u00ed como para tomar las decisiones pr\u00e1cticas que resulten\nconducentes en la atenci\u00f3n de los asuntos urgentes en materia Familiar y Penal.<\/p>\n\n\n\n<p>En el Acuerdo se instruye tambi\u00e9n al\ntitular de la Direcci\u00f3n de Derechos Humanos que establezca interlocuci\u00f3n y\nfortalezca los canales de comunicaci\u00f3n efectiva con las organizaciones civiles\ninvolucradas en la protecci\u00f3n de mujeres y ni\u00f1as en situaci\u00f3n de violencia y en\nsu caso, las vincule con el \u00f3rgano jurisdiccional competente, con el objetivo\nde actuar de manera conjunta en los casos de emergencia.<\/p>\n\n\n\n<p>De esta manera, el Poder Judicial del\nEstado da pasos importantes en el cumplimiento de las obligaciones establecidas\nen la Constituci\u00f3n y los tratados internacionales en materia de prevenci\u00f3n,\natenci\u00f3n, sanci\u00f3n y erradicaci\u00f3n de la violencia de g\u00e9nero, al fortalecer\ndentro de la actividad jurisdiccional acciones que contribuyen en la protecci\u00f3n\nde los derechos humanos de este sector, con mayor \u00e9nfasis en el periodo de\nemergencia por Covid-19.<\/p>\n","protected":false},"excerpt":{"rendered":"<p>Redacci\u00f3n\/Zona Roja. Oaxaca de Ju\u00e1rez, Oax., 7 de abril de 2020.- El Poder Judicial del&hellip;<\/p>\n","protected":false},"author":2,"featured_media":10798,"comment_status":"closed","ping_status":"open","sticky":false,"template":"","format":"standard","meta":{"_lmt_disableupdate":"","_lmt_disable":"","_jetpack_memberships_contains_paid_content":false,"footnotes":""},"categories":[109,46],"tags":[1369],"class_list":["post-10797","post","type-post","status-publish","format-standard","has-post-thumbnail","hentry","category-minuto-a-minuto","category-zona-blanca","tag-tribunal-superior-de-justicia-de-oaxacatsejo"],"jetpack_featured_media_url":"https:\/\/zonaroja.com.mx\/wp-content\/uploads\/2020\/04\/SESI\u00d3N-DEL-PJE-EN-LINEA2.jpeg","jetpack_sharing_enabled":true,"_links":{"self":[{"href":"https:\/\/zonaroja.com.mx\/index.php?rest_route=\/wp\/v2\/posts\/10797","targetHints":{"allow":["GET"]}}],"collection":[{"href":"https:\/\/zonaroja.com.mx\/index.php?rest_route=\/wp\/v2\/posts"}],"about":[{"href":"https:\/\/zonaroja.com.mx\/index.php?rest_route=\/wp\/v2\/types\/post"}],"author":[{"embeddable":true,"href":"https:\/\/zonaroja.com.mx\/index.php?rest_route=\/wp\/v2\/users\/2"}],"replies":[{"embeddable":true,"href":"https:\/\/zonaroja.com.mx\/index.php?rest_route=%2Fwp%2Fv2%2Fcomments&post=10797"}],"version-history":[{"count":1,"href":"https:\/\/zonaroja.com.mx\/index.php?rest_route=\/wp\/v2\/posts\/10797\/revisions"}],"predecessor-version":[{"id":10799,"href":"https:\/\/zonaroja.com.mx\/index.php?rest_route=\/wp\/v2\/posts\/10797\/revisions\/10799"}],"wp:featuredmedia":[{"embeddable":true,"href":"https:\/\/zonaroja.com.mx\/index.php?rest_route=\/wp\/v2\/media\/10798"}],"wp:attachment":[{"href":"https:\/\/zonaroja.com.mx\/index.php?rest_route=%2Fwp%2Fv2%2Fmedia&parent=10797"}],"wp:term":[{"taxonomy":"category","embeddable":true,"href":"https:\/\/zonaroja.com.mx\/index.php?rest_route=%2Fwp%2Fv2%2Fcategories&post=10797"},{"taxonomy":"post_tag","embeddable":true,"href":"https:\/\/zonaroja.com.mx\/index.php?rest_route=%2Fwp%2Fv2%2Ftags&post=10797"}],"curies":[{"name":"wp","href":"https:\/\/api.w.org\/{rel}","templated":true}]}}