{"id":10800,"date":"2020-04-07T11:39:09","date_gmt":"2020-04-07T16:39:09","guid":{"rendered":"http:\/\/www.zonaroja.com.mx\/?p=10800"},"modified":"2020-04-07T16:13:28","modified_gmt":"2020-04-07T21:13:28","slug":"el-emporio-de-vera-carrizal-creado-en-menos-de-una-decada","status":"publish","type":"post","link":"https:\/\/zonaroja.com.mx\/?p=10800","title":{"rendered":"El emporio de Vera Carrizal, creado en menos de una d\u00e9cada"},"content":{"rendered":"\n<p>Juan Carlos Zavala\/Estado 20<\/p>\n\n\n\n<p>Oaxaca de Ju\u00e1rez, Oax., 7 de abril de\n2020.- En los \u00faltimos cuatro a\u00f1os, del 2015 al 2019, el ex diputado local del\nPartido Revolucionario Institucional (PRI), Juan Antonio Vera Carrizal, logr\u00f3\nconstruir un emporio de estaciones de servicio o gasolineras en el estado de\nOaxaca.<\/p>\n\n\n\n<p>As\u00ed como permisos para el transporte de\npetrol\u00edferos y otras concesiones de transporte en la Secretar\u00eda de\nComunicaciones y Transportes (SCT) y estaciones de radio. Su r\u00e1pido \u00e9xito\nempresarial, con un sueldo de maestro de secundaria.<\/p>\n\n\n\n<p>El tambi\u00e9n militante del Partido Verde\nEcologista de M\u00e9xico (PVEM) estaba pr\u00f3fugo de la justicia desde finales del a\u00f1o\npasado en que la Fiscal\u00eda General del Estado y un juez liberaron una orden de\naprehensi\u00f3n en su contra, por su presunta responsabilidad en el ataque con\n\u00e1cido a la joven saxofonista originaria de Huajuapan de Le\u00f3n, Mar\u00eda Elena R\u00edos\nOrtiz.<\/p>\n\n\n\n<p>Tambi\u00e9n existe una orden de aprehensi\u00f3n\nen contra de su hijo Juan Antonio Vera Hern\u00e1ndez, por su participaci\u00f3n en la\nplaneaci\u00f3n y ejecuci\u00f3n del atentado contra la joven.<\/p>\n\n\n\n<p>Este lunes fue detenido por la\nSecretar\u00eda de Seguridad P\u00fablica de Oaxaca (SSPO) y es imputado como el autor\nintelectual del ataque a la joven Mar\u00eda Elena R\u00edos y trasladado a las\ninstalaciones de la Fiscal\u00eda General de Justicia del Estado.<\/p>\n\n\n\n<p>EL R\u00c1PIDO EMPORIO<\/p>\n\n\n\n<p>Es noviembre de 2016. Juan Vera Carrizal\nofrece una entrevista ya como diputado en el Congreso de Oaxaca; con apenas 49\na\u00f1os de edad y en ella, presume su historia. <\/p>\n\n\n\n<p>Dice que primero fue migrante, despu\u00e9s\nregres\u00f3 y estudi\u00f3 la escuela normal y que sin concluirla ya contaba con horas clase\nen una escuela secundaria; finalmente, un prominente empresario gasolinero.<\/p>\n\n\n\n<p>Su primera gasolinera, asegura, se\ninici\u00f3 con su sueldo de profesor de secundaria. \u201cS\u00ed, recib\u00ed un salario que me\npermiti\u00f3 planear otra empresa; as\u00ed fue que establec\u00ed mi primera gasolinera en\nTecomaxtlahuaca y despu\u00e9s en Juxtlahuaca\u201d, declar\u00f3 entonces cuando se le\ncuestion\u00f3 si con el salario de profesor le alcanz\u00f3 para abrir una gasolinera.<\/p>\n\n\n\n<p>Seg\u00fan afirma, fue migrante y de ilegal\ncruz\u00f3 hacia los Estados Unidos donde trabaj\u00f3 en un restaurante; posteriormente\nregres\u00f3 a estudiar la carrera en la Normal Superior en la Ciudad de M\u00e9xico y a\nla mitad de su carrera, le dan horas de espa\u00f1ol e ingl\u00e9s en la Secundaria\nT\u00e9cnica de Silacayo\u00e1pam. De 1990 a 1996 fue maestro.<\/p>\n\n\n\n<p>Adem\u00e1s, cuenta que su pap\u00e1 fue campesino\ny su mam\u00e1 ama de casa. \u201cSe dedicaban a la le\u00f1a y al carb\u00f3n. Despu\u00e9s empezaron\nen el oficio de la tociner\u00eda; me levantaba a las cuatro de la ma\u00f1ana a trabajar\ny despu\u00e9s iba a la escuela\u201d.<\/p>\n\n\n\n<p>Tambi\u00e9n sostiene que fue diputado del\nPRI porque era el partido con mayor estructura y del cual era simpatizante: \u201cMe\nla ofrecieron (la candidatura) el PRD, PAN, Nueva Alianza y Morena. Incluso,\nMorena me ofreci\u00f3 la diputaci\u00f3n federal y el PAN la presidencia municipal de\nHuajuapan de Le\u00f3n\u201d.<\/p>\n\n\n\n<p>EN S\u00d3LO 4 A\u00d1OS<\/p>\n\n\n\n<p>De acuerdo con la Comisi\u00f3n Reguladora de\nEnerg\u00eda (CRE) Juan Vera Carrizal obtuvo permisos y construy\u00f3 nueve gasolineras\nm\u00e1s a la que ya ten\u00eda en Huajuapan de Le\u00f3n. <\/p>\n\n\n\n<p>En total, el ex diputado del PVEM-PRI\nposee 10 estaciones de servicio en diferentes municipios del estado; algunas de\nlas cuales aparecen bajo el nombre de su hijo o bajo su representaci\u00f3n legal.<\/p>\n\n\n\n<p>En tres estaciones de servicio aparecen\ncon el nombre de Juan Vera Carrizal: la estaci\u00f3n n\u00famero E08876 ubicada en la\navenida Manuel G\u00f3mez Mor\u00edn n\u00famero 134 en la colonia Santa Cruz del municipio\nSan Jacinto Amilpas.<\/p>\n\n\n\n<p>La n\u00famero E04913 que se encuentra en la\ncarretera Huajuapan \u2013 Putla en la colonia San Sebasti\u00e1n de San Sebasti\u00e1n\nTecomaxtlahuaca y, la n\u00famero E10123 que se ubica en la avenida Constituyentes\nn\u00famero 54 en la colonia Federalismo de Huajuapan de Le\u00f3n.<\/p>\n\n\n\n<p>Mientras que a nombre de su hijo se\nencuentran las gasolineras E13617 ubicada en la carretera a Donaj\u00ed n\u00famero 405\nen la colonia Volcanes de Oaxaca de Ju\u00e1rez y la FF que se encuentra en la\navenida L\u00e1zaro C\u00e1rdenas n\u00famero 179 en San Sebasti\u00e1n Tutla.<\/p>\n\n\n\n<p>Otras cinco estaciones de servicio\naparecen a nombre de la empresa Gasolineras Sure\u00f1as S. de R. L. de C. V., en la\ncual aparece como propietario Juan Vera Hern\u00e1ndez, hijo de Vera Carrizal.<\/p>\n\n\n\n<p>Estas cinco estaciones de servicio son\nla E12631 ubicada en Prolongaci\u00f3n calzada de la Rep\u00fablica n\u00famero 300 en la\ncolonia La Cieneguita 5 Se\u00f1ores de Oaxaca de Ju\u00e1rez.<\/p>\n\n\n\n<p>La E11967 que se encuentra en avenida\nLos Hornos n\u00famero 795 en Santa Luc\u00eda del Camino; la E11639 con direcci\u00f3n\nCarretera Oaxaca-Guelatao n\u00famero 2000 en Santa Luc\u00eda del Camino.<\/p>\n\n\n\n<p>La E06946 ubicada en la carretera\nfederal Juxtlahuaca \u2013 Putla kil\u00f3metro 2 en Santiago Juxtlahuaca y la E07802,\nque se encuentra en la carretera Ixpantepec Nieves \u2013 Silacayo\u00e1pan kil\u00f3metro\n25.5 en el municipio Silacayo\u00e1pan.<\/p>\n\n\n\n<p>Gasolineras Sure\u00f1as S. de R. L. de C. V.\nfue constituida el 19 de mayo de 2003 ante el notario p\u00fablico Omar Abacuc\nS\u00e1nchez Heras en la ciudad de Oaxaca con un capital de un mill\u00f3n de pesos. <\/p>\n\n\n\n<p>En la constituci\u00f3n de esta empresa\naparecen como socios Juan Vera Carrizal, Jorge Alberto Vera Carrizal y Soledad\nHern\u00e1ndez Garc\u00eda, esposa de Juan Vera.<\/p>\n\n\n\n<p>EN 2018, OTRA EMPRESA<\/p>\n\n\n\n<p>El 25 de julio de 2018, Vera Carrizal\nconstituy\u00f3 una nueva empresa denominada ES-PETROL Distribuidora de\nHidrocarburos, Sociedad An\u00f3nima Promotora de Inversi\u00f3n de Capital Variable, la\ncual fue constituida ante el notario p\u00fablico Omar Abacuc S\u00e1nchez Heras.<\/p>\n\n\n\n<p>En esta nueva empresa aparecen como\nsocios V\u00edctor Manuel C\u00edrigo Arias y Anel Natividad Ortiz Segura.<\/p>\n\n\n\n<p>El objeto de esta sociedad es realizar\npor cuenta propia o de terceros o asociada a terceros, en cualquier parte de la\nrep\u00fablica o del extranjero las siguientes actividades y operaciones: <\/p>\n\n\n\n<p>Actuar como intermediario y para\nbeneficio de sus accionistas en actividades de compra, aprovisionamiento,\ndistribuci\u00f3n y almacenamiento de productos petrol\u00edferos, entendi\u00e9ndose por\nestos, todos aquellos derivados del petr\u00f3leo resultantes en gasolinas liquidas\ny de cualquier otro art\u00edculo relacionado con conexo con lo anterior.<\/p>\n\n\n\n<p>As\u00ed como la organizaci\u00f3n, gesti\u00f3n\ncontrol de los procesos de una o varias fases de la cadena de suministros, de\ncombustibles en beneficio de sus accionistas, utilizando para ello\ninfraestructuras f\u00edsicas tecnol\u00f3gicas y sistemas de informaci\u00f3n, propios y\/o\najenos.<\/p>\n\n\n\n<p>Es decir, podr\u00e1 realizar las actividades\nde compra, venta, distribuci\u00f3n, comercializaci\u00f3n, consignaci\u00f3n, comisi\u00f3n,\nimportaci\u00f3n y exportaci\u00f3n de toda clase de productos petrol\u00edferos; la\nrealizaci\u00f3n de servicios log\u00edsticos de almacenamiento, conservaci\u00f3n, transporte\ny distribuci\u00f3n de toda clase de combustibles, en beneficio de sus accionistas o\nterceros, utilizando para ello infraestructuras f\u00edsicas tecnol\u00f3gicas y sistemas\nde informaci\u00f3n, propios y\/o ajenos, entre muchos otros.<\/p>\n\n\n\n<p>CONCESIONARIO DEL TRANSPORTE<\/p>\n\n\n\n<p>Las actividades empresariales de Vera\nCarrizal no se reducen al expendio de gasolina, tambi\u00e9n tiene permisos para el\ntransporte por medios distintos a ductos de petrol\u00edferos otorgado a Gasolineras\nSure\u00f1as, S. de R. L. de C. V.<\/p>\n\n\n\n<p>De acuerdo con la Comisi\u00f3n Reguladora de\nEnerg\u00eda, el n\u00famero de permiso es PL\/5035\/TRA\/OM\/2015 y fue otorgado el 15 de\noctubre de 2015 y vence el 15 de octubre del a\u00f1o 2045.<\/p>\n\n\n\n<p>A estos permisos, se suman otros\nadquiridos tambi\u00e9n para el transporte por la Secretar\u00eda de Comunicaciones y Transportes\n(SCT) del Gobierno Federal.<\/p>\n\n\n\n<p>INVIERTE EN MEDIOS DE COMUNICACI\u00d3N<\/p>\n\n\n\n<p>A trav\u00e9s de la empresa Los Ojos del\nCielo S. de R. L. de C. V., en la que aparecen como socios los hijos de Juan\nVera Carrizal: Juan Antonio, Guadalupe y Ashley Vera Hern\u00e1ndez, obtuvieron la\nconcesi\u00f3n en octubre de 2016 para el uso, aprovechamiento y explotaci\u00f3n\ncomercial de 191 frecuencias en el segmento de 88 a 106 MHz de la banda de\nfrecuencia modulada y de 66 frecuencias en el segmento de 535 a 1605 kHz de la\nbanda de amplitud modulada.<\/p>\n\n\n\n<p>Estas, en la localidades de San\nSebasti\u00e1n Tecomaxtlahuaca, Santiago Juxtlahuaca, San Mateo Tunuchi y\nSilacayoapan, Oaxaca, de acuerdo con la licitaci\u00f3n n\u00famero IFT-4 del Instituto\nFederal de Telecomunicaciones.<\/p>\n\n\n\n<p>A estas se suman las concesiones de\nradio que ya ten\u00edan bajo la raz\u00f3n social La Puerta de la Mixteca S. de R. L. de\nC. V. y El Sol Nochixteco, S. de R.L. de C.V.<\/p>\n\n\n\n<p>En la primera aparecen como socios\nSoledad Hern\u00e1ndez Garc\u00eda \u2013 esposa de Juan Vera Carrizal \u2013, Elvia Lisie Vera\nHern\u00e1ndez y Ashley Vera Hern\u00e1ndez; en la segunda Juan Antonio Vera Carrizal,\nElvia Lisie Vera Hern\u00e1ndez y Guadalupe Vera Hern\u00e1ndez.<\/p>\n\n\n\n<p>DETECTAN PRESUNTO LAVADO <\/p>\n\n\n\n<p>El titular de la Unidad de Inteligencia\nFinanciera (UIF), Santiago Nieto, asegura que se detectaron recursos de\nprocedencia il\u00edcita y lavado de dinero en la informaci\u00f3n financiera del ex\ndiputado local del PRI, Juan Vera Carrizal, quien es se\u00f1alado por la Fiscal\u00eda\nde Oaxaca como el autor intelectual del ataque con \u00e1cido a la joven Mar\u00eda Elena\nR\u00edos.<\/p>\n\n\n\n<p>Explica que se encontr\u00f3 la recepci\u00f3n de\nrecursos en efectivo por cantidades que superan los 325 millones de pesos y una\nmec\u00e1nica en el \u201ctraslado de valores\u201d (dinero) que muestran que es una\ntriangulaci\u00f3n de recursos que entran dentro de la tipolog\u00eda de lavado de dinero.<\/p>\n\n\n\n<p>Adicionalmente, se descubrieron\nincongruencias en sus declaraciones anuales fiscales ante el Sistema de\nAdministraci\u00f3n Tributaria (SAT).<\/p>\n\n\n\n<p>En sus declaraciones anuales, detalla,\npresenta cantidades que superan los 503 millones de pesos; sin embargo, en cada\nejercicio fiscal tambi\u00e9n reporta p\u00e9rdidas \u201clo cual es incongruente en raz\u00f3n de\nlos ingresos que presenta y declara al Sistema de Administraci\u00f3n Tributaria\u201d.<\/p>\n\n\n\n<p>\u201cHemos generado un documento para\nefectos de presentar en su momento a la Fiscal\u00eda General de la Rep\u00fablica (FGR),\ncon independencia de que se presenten la informaci\u00f3n a la Fiscal\u00eda General de\nOaxaca\u201d.<\/p>\n\n\n\n<p>Mientras tanto, informa de un acuerdo\npara incorporar a Juan Vera Carrizal a la lista de personas bloqueadas, \u201clo\ncual tendr\u00e1 consecuencia respectiva luego de informar a la Comisi\u00f3n Nacional\nBancaria y de Valores, del congelamiento de sus cuentas bancaras\u201d, dijo durante\nsu reciente visita a la entidad.<\/p>\n\n\n\n<p>Santiago Nieto menciona que hace unos\nmeses se firm\u00f3 un acuerdo de colaboraci\u00f3n con el Gobierno de Oaxaca y la\nFiscal\u00eda General del Estado y que en atenci\u00f3n a este convenio se proporcion\u00f3\ninformaci\u00f3n financiera de Juan Vera Carrizal para que se integren a la carpeta\nde investigaci\u00f3n y a trav\u00e9s de la cual es investigado por el ataque con \u00e1cido a\nMar\u00eda Elena R\u00edos.<\/p>\n\n\n\n<p>\u201cY puedan existir elementos y datos de\nprueba que puedan ser llevados ante los \u00f3rganos de naturaleza jurisdiccional.\nEn este caso en particular hemos encontrado indicadores que podr\u00edan advertir la\npresencia de operaciones con recursos de procedencia il\u00edcita\u201d, sostiene.<\/p>\n\n\n\n<p>EVADE REPORTAR INGRESOS <\/p>\n\n\n\n<p>Desde que se anunci\u00f3 que se congelaron\nsus cuentas bancarias, las gasolineras de Juan Vera Carrizal y las que est\u00e1n a\nnombre de su hijo y familia, han recurrido a la venta de los combustibles s\u00f3lo\nen efectivo; es decir, no cobran con tarjetas bancarias para evitar que el\ndinero se fuera a las cuentas bancarias congeladas.<\/p>\n\n\n\n<p>Esta situaci\u00f3n se hizo evidente, cuando\nen medio de la crisis por el coronavirus Covid 19 y el desplome de los precios\ndel petr\u00f3leo, baj\u00f3 el precio de la gasolina muy por debajo de su competencia.<\/p>\n\n\n\n<p>As\u00ed, el ex diputado del PRI se ha\ngarantizado continuar con recursos econ\u00f3micos; mientras sus cuentas fueron\ncongeladas y es buscado por la justicia a causa de su presunta responsabilidad\nen el ataque con \u00e1cido a la joven Mar\u00eda Elena R\u00edos.<\/p>\n","protected":false},"excerpt":{"rendered":"<p>Juan Carlos Zavala\/Estado 20 Oaxaca de Ju\u00e1rez, Oax., 7 de abril de 2020.- En los&hellip;<\/p>\n","protected":false},"author":2,"featured_media":6687,"comment_status":"closed","ping_status":"open","sticky":false,"template":"","format":"standard","meta":{"_lmt_disableupdate":"","_lmt_disable":"","_jetpack_memberships_contains_paid_content":false,"footnotes":""},"categories":[109,47],"tags":[1144],"class_list":["post-10800","post","type-post","status-publish","format-standard","has-post-thumbnail","hentry","category-minuto-a-minuto","category-zona-gris","tag-juan-antonio-vera-carrizal"],"jetpack_featured_media_url":"https:\/\/zonaroja.com.mx\/wp-content\/uploads\/2019\/12\/Vera-Carril-y-PVEM.jpg","jetpack_sharing_enabled":true,"_links":{"self":[{"href":"https:\/\/zonaroja.com.mx\/index.php?rest_route=\/wp\/v2\/posts\/10800","targetHints":{"allow":["GET"]}}],"collection":[{"href":"https:\/\/zonaroja.com.mx\/index.php?rest_route=\/wp\/v2\/posts"}],"about":[{"href":"https:\/\/zonaroja.com.mx\/index.php?rest_route=\/wp\/v2\/types\/post"}],"author":[{"embeddable":true,"href":"https:\/\/zonaroja.com.mx\/index.php?rest_route=\/wp\/v2\/users\/2"}],"replies":[{"embeddable":true,"href":"https:\/\/zonaroja.com.mx\/index.php?rest_route=%2Fwp%2Fv2%2Fcomments&post=10800"}],"version-history":[{"count":1,"href":"https:\/\/zonaroja.com.mx\/index.php?rest_route=\/wp\/v2\/posts\/10800\/revisions"}],"predecessor-version":[{"id":10801,"href":"https:\/\/zonaroja.com.mx\/index.php?rest_route=\/wp\/v2\/posts\/10800\/revisions\/10801"}],"wp:featuredmedia":[{"embeddable":true,"href":"https:\/\/zonaroja.com.mx\/index.php?rest_route=\/wp\/v2\/media\/6687"}],"wp:attachment":[{"href":"https:\/\/zonaroja.com.mx\/index.php?rest_route=%2Fwp%2Fv2%2Fmedia&parent=10800"}],"wp:term":[{"taxonomy":"category","embeddable":true,"href":"https:\/\/zonaroja.com.mx\/index.php?rest_route=%2Fwp%2Fv2%2Fcategories&post=10800"},{"taxonomy":"post_tag","embeddable":true,"href":"https:\/\/zonaroja.com.mx\/index.php?rest_route=%2Fwp%2Fv2%2Ftags&post=10800"}],"curies":[{"name":"wp","href":"https:\/\/api.w.org\/{rel}","templated":true}]}}