{"id":10810,"date":"2020-04-07T17:06:38","date_gmt":"2020-04-07T22:06:38","guid":{"rendered":"http:\/\/www.zonaroja.com.mx\/?p=10810"},"modified":"2020-04-07T17:06:42","modified_gmt":"2020-04-07T22:06:42","slug":"pide-presidente-de-la-jucopo-explicacion-sobre-detencion-de-juan-antonio-v-c","status":"publish","type":"post","link":"https:\/\/zonaroja.com.mx\/?p=10810","title":{"rendered":"Pide presidente de la Jucopo explicaci\u00f3n sobre detenci\u00f3n de Juan Antonio V. C."},"content":{"rendered":"\n<p>Evlin Arag\u00f2n\/Zona Roja.<\/p>\n\n\n\n<p>Oaxaca de Ju\u00e1rez, Oax., 7 de abril de\n2020.- El presidente de la Junta de Coordinaci\u00f3n Pol\u00edtica (Jucopo) al interior\ndel Congreso local, Horacio Sosa Villavicencio, pidi\u00f3 a las autoridades estatales\nen materia de seguridad y procuraci\u00f3n de justicia una explicaci\u00f3n sobre el\n\u201ctrato especial\u201d, que se le dio al empresario y ex diputado pri\u00edsta, Juan Antonio\nV. C., en la detenci\u00f3n que difundieron la tarde de este lunes.<\/p>\n\n\n\n<p>As\u00ed mismo, cuestion\u00f3 un probable montaje\nen torno a la entrega y puesta a disposici\u00f3n de las autoridades del empresario\ngasolinero, ya que las fotos y video que se difundieron sobre los hechos,\nrefieren un trato hasta cordial hacia el acusado de tentativa de feminicidio en\ncontra de la joven saxofonista&nbsp; Mar\u00eda\nElena R\u00edos Ortiz<\/p>\n\n\n\n<p>\u201cYo creo que nos deben una explicaci\u00f3n,\nporque hay delincuentes de primera y delincuentes de segunda. Les exigimos\nrespeto para Mar\u00eda Elena\u201d, dijo el diputado local al cuestionar las im\u00e1genes\nque se difundieron en medios de comunicaci\u00f3n y redes sociales en las que el ex\ndiputado local posa sonriente con las autoridades de seguridad p\u00fablica.<\/p>\n\n\n\n<p>El legislador por Morena no dud\u00f3 que el\ntrato preferencial se deba a los v\u00ednculos que tiene el ahora detenido con\nautoridades estatales, al haber ocupado un cargo de representaci\u00f3n popular y\ntener nexos con el Partido Revolucionario Institucional, a la par que detall\u00f3\nque de ninguna manera se debe actuar privilegiando a unos delincuentes sobre\notros.<\/p>\n\n\n\n<p>Sosa Villavicencio detall\u00f3 que desde el\nCongreso local se mantendr\u00e1n atentos para garantizar que ni la entrega Juan Antonio\nV. C. ni el proceso penal que sigue se conviertan en un teatro y por el\ncontrario se garantice la justicia para la joven v\u00edctima de un ataque con \u00e1cido\natroz que le ha dejado secuelas de por vida.<\/p>\n\n\n\n<p>\u201cEl pueblo de Oaxaca est\u00e1 exigiendo una\nexplicaci\u00f3n. \u00bfPorqu\u00e9 posar con un delincuente? El ataque a Mar\u00eda Elena no tiene\nnombre y lo que sucedi\u00f3 ayer con las autoridades merece una explicaci\u00f3n\u201d,\nsentenci\u00f3 a trav\u00e9s de un video que comparti\u00f3 en sus redes sociales.<\/p>\n\n\n\n<p>La propia Mar\u00eda Elena cuestion\u00f3 este\nmartes en entrevista para un medio nacional el trato preferencial que recibi\u00f3 el\nacusado, de parte de las autoridades estatales que ni siquiera se atrevieron a\nesposarlo y por el contrario posaron sonrientes en la foto que difundieron\nsobre su captura, que despu\u00e9s trascendi\u00f3 no fue tal ya que el empresario se\nentreg\u00f3 voluntariamente.<\/p>\n","protected":false},"excerpt":{"rendered":"<p>Evlin Arag\u00f2n\/Zona Roja. Oaxaca de Ju\u00e1rez, Oax., 7 de abril de 2020.- El presidente de&hellip;<\/p>\n","protected":false},"author":2,"featured_media":10759,"comment_status":"closed","ping_status":"open","sticky":false,"template":"","format":"standard","meta":{"_lmt_disableupdate":"","_lmt_disable":"","_jetpack_memberships_contains_paid_content":false,"footnotes":""},"categories":[109,47],"tags":[1144],"class_list":["post-10810","post","type-post","status-publish","format-standard","has-post-thumbnail","hentry","category-minuto-a-minuto","category-zona-gris","tag-juan-antonio-vera-carrizal"],"jetpack_featured_media_url":"https:\/\/zonaroja.com.mx\/wp-content\/uploads\/2020\/04\/Vera-Carrizal-detenido.jpg","jetpack_sharing_enabled":true,"_links":{"self":[{"href":"https:\/\/zonaroja.com.mx\/index.php?rest_route=\/wp\/v2\/posts\/10810","targetHints":{"allow":["GET"]}}],"collection":[{"href":"https:\/\/zonaroja.com.mx\/index.php?rest_route=\/wp\/v2\/posts"}],"about":[{"href":"https:\/\/zonaroja.com.mx\/index.php?rest_route=\/wp\/v2\/types\/post"}],"author":[{"embeddable":true,"href":"https:\/\/zonaroja.com.mx\/index.php?rest_route=\/wp\/v2\/users\/2"}],"replies":[{"embeddable":true,"href":"https:\/\/zonaroja.com.mx\/index.php?rest_route=%2Fwp%2Fv2%2Fcomments&post=10810"}],"version-history":[{"count":1,"href":"https:\/\/zonaroja.com.mx\/index.php?rest_route=\/wp\/v2\/posts\/10810\/revisions"}],"predecessor-version":[{"id":10811,"href":"https:\/\/zonaroja.com.mx\/index.php?rest_route=\/wp\/v2\/posts\/10810\/revisions\/10811"}],"wp:featuredmedia":[{"embeddable":true,"href":"https:\/\/zonaroja.com.mx\/index.php?rest_route=\/wp\/v2\/media\/10759"}],"wp:attachment":[{"href":"https:\/\/zonaroja.com.mx\/index.php?rest_route=%2Fwp%2Fv2%2Fmedia&parent=10810"}],"wp:term":[{"taxonomy":"category","embeddable":true,"href":"https:\/\/zonaroja.com.mx\/index.php?rest_route=%2Fwp%2Fv2%2Fcategories&post=10810"},{"taxonomy":"post_tag","embeddable":true,"href":"https:\/\/zonaroja.com.mx\/index.php?rest_route=%2Fwp%2Fv2%2Ftags&post=10810"}],"curies":[{"name":"wp","href":"https:\/\/api.w.org\/{rel}","templated":true}]}}