{"id":10812,"date":"2020-04-07T18:37:45","date_gmt":"2020-04-07T23:37:45","guid":{"rendered":"http:\/\/www.zonaroja.com.mx\/?p=10812"},"modified":"2020-04-07T18:37:47","modified_gmt":"2020-04-07T23:37:47","slug":"los-dos-nuevos-casos-de-coronavirus-de-huatulco-y-tuxtepec-en-hospitalizacion","status":"publish","type":"post","link":"https:\/\/zonaroja.com.mx\/?p=10812","title":{"rendered":"Los dos nuevos casos de coronavirus, de Huatulco y Tuxtepec; en hospitalizaci\u00f3n"},"content":{"rendered":"\n<p>Yuridiana Sosa\/Zona Roja.<\/p>\n\n\n\n<p>Oaxaca de Ju\u00e1rez, Oax., 7 de abril de\n2020.- Los nuevos casos de Covid-19 &#8211;que elevaron ayer a 27 la cifra de casos\nconfirmados en la entidad oaxaque\u00f1a&#8211; se ubican en los municipios de Santa\nMar\u00eda Huatulco, en la regi\u00f3n Costam y San Juan Bautista Tuxtepec, en la Cuenca.<\/p>\n\n\n\n<p>De acuerdo con fuentes de los Servicios\nde Salud de Oaxaca (SSO), ambos pacientes est\u00e1n hospitalizados en ciudades\ndistintas a sus residencias declaradas.<\/p>\n\n\n\n<p>El contagiado ubicado en la Costa, se\ntrata de un var\u00f3n de 39 a\u00f1os edad, que se encuentra estable.<\/p>\n\n\n\n<p>El presidente municipal de Santa Mar\u00eda\nHuatulco, Giovanne Gonz\u00e1lez, indic\u00f3 que el ciudadano contagiado por Covid-19 es\nempleado del ayuntamiento, pero desde hace 18 d\u00edas el trabajador solicit\u00f3\npermiso para ausentarse por un mes, por razones personales.<\/p>\n\n\n\n<p>El edil indic\u00f3 que desde la ausencia del\nempleado a sus labores, no volvi\u00f3 a tener contacto en \u00e9l; indic\u00f3 a ZONA ROJA que\nel paciente refiri\u00f3 que el pasado 27 de marzo tuvo contacto una persona que\nviaj\u00f3 a la Ciudad M\u00e9xico y tres d\u00edas despu\u00e9s comenz\u00f3 con algunos s\u00edntomas.<\/p>\n\n\n\n<p>Para la atenci\u00f3n del caso, el paciente\nfue trasladado al Hospital General de Pochutla este 6 de abril, a trav\u00e9s de una\nsolicitud de transferencia por parte del Hospital B\u00e1sico Comunitario de\nHuatulco.<\/p>\n\n\n\n<p>\u00bfESTUVO EN JARIPEO?<\/p>\n\n\n\n<p>Las autoridades municipales no aclararon\nsobre la no suspensi\u00f3n de actividades sociales y festivas, como el jaripeo\nrealizado el pasado 21 de marzo, en fase dos de la contingencia, a pesar que\ndesde el 13 de marzo el gobernador de Oaxaca, Alejandro Murat Hinojosa, anunci\u00f3\nla suspensi\u00f3n de todos los eventos con alta concentraci\u00f3n de personas en la\nentidad como medida preventiva por el Covid-19.<\/p>\n\n\n\n<p>En tanto, los Servicios de Salud de\nOaxaca confirmaron el primer caso de Covid-19 en Tuxtepec, sin embargo, el\npaciente se encuentra hospitalizado en la Ciudad de M\u00e9xico.<\/p>\n\n\n\n<p>La persona afectada es un var\u00f3n de 39\na\u00f1os de edad, reportado como un caso no grave. Pero hasta el momento las\nautoridades no especifican si el paciente pas\u00f3 el periodo de incubaci\u00f3n en\nTuxtepec o la situaci\u00f3n preventiva para su familia. <\/p>\n","protected":false},"excerpt":{"rendered":"<p>Yuridiana Sosa\/Zona Roja. Oaxaca de Ju\u00e1rez, Oax., 7 de abril de 2020.- Los nuevos casos&hellip;<\/p>\n","protected":false},"author":2,"featured_media":9508,"comment_status":"closed","ping_status":"open","sticky":false,"template":"","format":"standard","meta":{"_lmt_disableupdate":"","_lmt_disable":"","_jetpack_memberships_contains_paid_content":false,"footnotes":""},"categories":[109,47],"tags":[1512],"class_list":["post-10812","post","type-post","status-publish","format-standard","has-post-thumbnail","hentry","category-minuto-a-minuto","category-zona-gris","tag-coronavirus-oaxaca"],"jetpack_featured_media_url":"https:\/\/zonaroja.com.mx\/wp-content\/uploads\/2020\/03\/Coronavirus-Covid.jpg","jetpack_sharing_enabled":true,"_links":{"self":[{"href":"https:\/\/zonaroja.com.mx\/index.php?rest_route=\/wp\/v2\/posts\/10812","targetHints":{"allow":["GET"]}}],"collection":[{"href":"https:\/\/zonaroja.com.mx\/index.php?rest_route=\/wp\/v2\/posts"}],"about":[{"href":"https:\/\/zonaroja.com.mx\/index.php?rest_route=\/wp\/v2\/types\/post"}],"author":[{"embeddable":true,"href":"https:\/\/zonaroja.com.mx\/index.php?rest_route=\/wp\/v2\/users\/2"}],"replies":[{"embeddable":true,"href":"https:\/\/zonaroja.com.mx\/index.php?rest_route=%2Fwp%2Fv2%2Fcomments&post=10812"}],"version-history":[{"count":1,"href":"https:\/\/zonaroja.com.mx\/index.php?rest_route=\/wp\/v2\/posts\/10812\/revisions"}],"predecessor-version":[{"id":10813,"href":"https:\/\/zonaroja.com.mx\/index.php?rest_route=\/wp\/v2\/posts\/10812\/revisions\/10813"}],"wp:featuredmedia":[{"embeddable":true,"href":"https:\/\/zonaroja.com.mx\/index.php?rest_route=\/wp\/v2\/media\/9508"}],"wp:attachment":[{"href":"https:\/\/zonaroja.com.mx\/index.php?rest_route=%2Fwp%2Fv2%2Fmedia&parent=10812"}],"wp:term":[{"taxonomy":"category","embeddable":true,"href":"https:\/\/zonaroja.com.mx\/index.php?rest_route=%2Fwp%2Fv2%2Fcategories&post=10812"},{"taxonomy":"post_tag","embeddable":true,"href":"https:\/\/zonaroja.com.mx\/index.php?rest_route=%2Fwp%2Fv2%2Ftags&post=10812"}],"curies":[{"name":"wp","href":"https:\/\/api.w.org\/{rel}","templated":true}]}}