{"id":10814,"date":"2020-04-07T20:34:52","date_gmt":"2020-04-08T01:34:52","guid":{"rendered":"http:\/\/www.zonaroja.com.mx\/?p=10814"},"modified":"2020-04-07T20:34:56","modified_gmt":"2020-04-08T01:34:56","slug":"entregan-apoyos-a-comunidad-serrana-afectada-por-incendio","status":"publish","type":"post","link":"https:\/\/zonaroja.com.mx\/?p=10814","title":{"rendered":"Entregan apoyos a comunidad serrana afectada por incendio"},"content":{"rendered":"\n<p>Redacci\u00f3n\/Zona Roja.<\/p>\n\n\n\n<p>Oaxaca de Ju\u00e1rez, Oax., 7 de abril de\n2020.- Autoridades estatales entregaron apoyos a Santa Mar\u00eda Jaltianguis,\nmunicipio de la Sierra Norte afectado la semana pasada por un incendio\nforestal.<\/p>\n\n\n\n<p>El Instituto Estatal de Educaci\u00f3n\nP\u00fablica de Oaxaca (IEEPO) inform\u00f3 que con estricto apego a los protocolos\nsanitarios derivados de la contingencia del virus del Covid-19, una brigada de\nla dependencia se traslad\u00f3 a la localidad para llevar ayuda inmediata a los\nhabitantes, autoridades municipales e integrantes de la comunidad escolar.<\/p>\n\n\n\n<p>En la explanada principal de la\npoblaci\u00f3n, el delegado de Servicios Educativos en Ixtl\u00e1n de Ju\u00e1rez, Rafael\nJim\u00e9nez Mendoza, acompa\u00f1ado del responsable del \u00c1rea de Protecci\u00f3n Civil y\nEmergencia Escolar, Jos\u00e9 de Jes\u00fas N\u00fa\u00f1ez Grijalva, expres\u00f3 el mensaje de\nsolidaridad del Gobernador del Estado y del director general del IEEPO,\nFrancisco \u00c1ngel Villarreal. <\/p>\n\n\n\n<p>En presencia del presidente municipal de\nSanta Mar\u00eda Jaltianguis, Vidal Luna Luna; el presidente del Comisariado de\nBienes Comunales, Marcos Mart\u00ednez Hern\u00e1ndez, y el vicepresidente de la Uni\u00f3n\nLiberal de Ayuntamientos del Distrito de Ixtl\u00e1n , Federico Hern\u00e1ndez Ram\u00edrez,\nlas familias que perdieron sus viviendas al ser consumidas por el fuego,\nmanifestaron su agradecimiento por este gesto y el respaldo del Gobierno del\nEstado.<\/p>\n\n\n\n<p>Una de las personas afectadas por el\nincendio forestal -que se complic\u00f3 ante las altas temperaturas y el material\nvegetativo seco que hab\u00eda en la zona, siniestrando parte del bosque y llegando\nhasta una zona habitada-, fue la profesora Adelfa L\u00f3pez Balanzar, de la Escuela\nPrimaria Tadeusz Kosciuszko, quien reconoci\u00f3 la pronta respuesta de las\nautoridades en este acontecimiento.<\/p>\n\n\n\n<p>\u201cNos sentimos muy tristes mi familia y\nyo, pero le agradezco de todo coraz\u00f3n al gobernador Alejandro Murat, ya que nos\nest\u00e1 brindando el apoyo incondicionalmente. Le agradezco que se preocupe mucho\npor sus maestros\u201d, dijo con la voz cortada por el sentimiento de haber perdido\nsu patrimonio fruto de diez a\u00f1os de trabajo.<\/p>\n\n\n\n<p>Tambi\u00e9n, Yaneli Mart\u00ednez Santiago,\nintegrante de un grupo de productoras de mermelada, mencion\u00f3 que con el\nrespaldo de las autoridades podr\u00e1n salir adelante de esta situaci\u00f3n que\nafortunadamente no dej\u00f3 v\u00edctimas que lamentar.<\/p>\n\n\n\n<p>Por su parte, el presidente municipal de\nSanta Mar\u00eda Jaltianguis y el vicepresidente de la Uni\u00f3n Liberal de\nAyuntamientos del Distrito de Ixtl\u00e1n, mostraron su agradecimiento al Mandatario\nEstatal por el apoyo a esta comunidad serrana y la atenci\u00f3n a necesidades\nb\u00e1sicas de la poblaci\u00f3n afectada.<\/p>\n\n\n\n<p>DECLARAN EMERGENCIA<\/p>\n\n\n\n<p>Por otra parte, la Coordinaci\u00f3n Estatal\nde Protecci\u00f3n Civil de Oaxaca inform\u00f3 que tras la solicitud del Gobierno del\nEstado de declarar en emergencia al municipio de San Pedro y San Pablo Ayutla\nMixes, el Gobierno Federal emiti\u00f3 la declaratoria por incendios forestales.<\/p>\n\n\n\n<p>Destac\u00f3 que la Coordinaci\u00f3n Nacional de\nProtecci\u00f3n Civil emiti\u00f3 una Declaratoria de Emergencia en el Estado de Oaxaca,\npor la ocurrencia del fen\u00f3meno natural perturbador, incendio forestal, ocurrido\ndel 31 de marzo al 2 de abril del presente a\u00f1o, para el municipio de San Pedro\ny San Pablo Ayutla.<\/p>\n\n\n\n<p>Con esta acci\u00f3n se activan los recursos\ndel Fondo para la Atenci\u00f3n de Emergencias (Fonden) y a partir de esta\nDeclaratoria, solicitada por el gobierno estatal, las autoridades contar\u00e1n con\nrecursos para atender las necesidades alimenticias y salud de la poblaci\u00f3n\nafectada.<\/p>\n","protected":false},"excerpt":{"rendered":"<p>Redacci\u00f3n\/Zona Roja. Oaxaca de Ju\u00e1rez, Oax., 7 de abril de 2020.- Autoridades estatales entregaron apoyos&hellip;<\/p>\n","protected":false},"author":2,"featured_media":10815,"comment_status":"closed","ping_status":"open","sticky":false,"template":"","format":"standard","meta":{"_lmt_disableupdate":"","_lmt_disable":"","_jetpack_memberships_contains_paid_content":false,"footnotes":""},"categories":[109,46],"tags":[599],"class_list":["post-10814","post","type-post","status-publish","format-standard","has-post-thumbnail","hentry","category-minuto-a-minuto","category-zona-blanca","tag-instituto-estatal-de-educacion-publica-de-oaxaca"],"jetpack_featured_media_url":"https:\/\/zonaroja.com.mx\/wp-content\/uploads\/2020\/04\/2-IEEPO.jpg","jetpack_sharing_enabled":true,"_links":{"self":[{"href":"https:\/\/zonaroja.com.mx\/index.php?rest_route=\/wp\/v2\/posts\/10814","targetHints":{"allow":["GET"]}}],"collection":[{"href":"https:\/\/zonaroja.com.mx\/index.php?rest_route=\/wp\/v2\/posts"}],"about":[{"href":"https:\/\/zonaroja.com.mx\/index.php?rest_route=\/wp\/v2\/types\/post"}],"author":[{"embeddable":true,"href":"https:\/\/zonaroja.com.mx\/index.php?rest_route=\/wp\/v2\/users\/2"}],"replies":[{"embeddable":true,"href":"https:\/\/zonaroja.com.mx\/index.php?rest_route=%2Fwp%2Fv2%2Fcomments&post=10814"}],"version-history":[{"count":1,"href":"https:\/\/zonaroja.com.mx\/index.php?rest_route=\/wp\/v2\/posts\/10814\/revisions"}],"predecessor-version":[{"id":10816,"href":"https:\/\/zonaroja.com.mx\/index.php?rest_route=\/wp\/v2\/posts\/10814\/revisions\/10816"}],"wp:featuredmedia":[{"embeddable":true,"href":"https:\/\/zonaroja.com.mx\/index.php?rest_route=\/wp\/v2\/media\/10815"}],"wp:attachment":[{"href":"https:\/\/zonaroja.com.mx\/index.php?rest_route=%2Fwp%2Fv2%2Fmedia&parent=10814"}],"wp:term":[{"taxonomy":"category","embeddable":true,"href":"https:\/\/zonaroja.com.mx\/index.php?rest_route=%2Fwp%2Fv2%2Fcategories&post=10814"},{"taxonomy":"post_tag","embeddable":true,"href":"https:\/\/zonaroja.com.mx\/index.php?rest_route=%2Fwp%2Fv2%2Ftags&post=10814"}],"curies":[{"name":"wp","href":"https:\/\/api.w.org\/{rel}","templated":true}]}}