{"id":10817,"date":"2020-04-07T21:24:04","date_gmt":"2020-04-08T02:24:04","guid":{"rendered":"http:\/\/www.zonaroja.com.mx\/?p=10817"},"modified":"2020-04-07T21:24:06","modified_gmt":"2020-04-08T02:24:06","slug":"estamos-solos-ante-economia-de-subsistencia-coparmex-oaxaca","status":"publish","type":"post","link":"https:\/\/zonaroja.com.mx\/?p=10817","title":{"rendered":"Estamos solos ante econom\u00eda de subsistencia: Coparmex Oaxaca"},"content":{"rendered":"\n<p>Yuridiana Sosa\/Zona Roja<\/p>\n\n\n\n<p>Oaxaca de Ju\u00e1rez, Oax., 7 de abril de\n2020.- Para la Confederaci\u00f3n Patronal de la Rep\u00fablica Mexicana (Coparmex), en\nOaxaca las medidas econ\u00f3micas que anunci\u00f3 el Presidente Andr\u00e9s Manuel L\u00f3pez\nObrador para hacer frente a la crisis por el Covid-19, son una muestra de que\nla iniciativa privada est\u00e1 sola para sostener los empleos.<\/p>\n\n\n\n<p>As\u00ed lo refiri\u00f3 el presidente de la\nCoparmex en Oaxaca, Alejandro S\u00e1nchez D\u00edaz:<\/p>\n\n\n\n<p>\u201cEl mensaje fue claro, y nos despej\u00f3 la\nduda que ten\u00edamos respecto a si nos ayudar\u00edan a mantener las fuentes de empleo;\nnos qued\u00f3 claro que el gobierno federal no, s\u00f3lo nosotros mismos\u201d.<\/p>\n\n\n\n<p>En Oaxaca, apunt\u00f3, son m\u00e1s de 100\nempresas micro, peque\u00f1as y medianas, en las que est\u00e1n en riesgo m\u00e1s de cinco\nmil empleos y el sustento econ\u00f3mico para sus familias.<\/p>\n\n\n\n<p>S\u00e1nchez D\u00edaz dijo que de las propuestas\nque realiz\u00f3 la Coparmex al Presidente de M\u00e9xico s\u00f3lo se contempl\u00f3 la devoluci\u00f3n\nm\u00e1s temprana del IVA, adem\u00e1s de lo que anunci\u00f3 no es nuevo ni dirigido al\nquienes son generadores de empleo.<\/p>\n\n\n\n<p>\u201cLa realidad supera todos los escenarios\nprevistos; si aguantamos 15 d\u00edas, nos fue bien\u201d, asever\u00f3 respecto al sustento\necon\u00f3mico de las empresas para mantener el pago de los salarios del personal en\ndescanso o activo en medio de la contingencia.<\/p>\n\n\n\n<p>Como medida alterna, los empresarios de\nlas diferentes c\u00e1maras en la entidad enviaron este lunes una solicitud a la\nComisi\u00f3n Federal de Electricidad (CFE) para el pago diferido de los siguientes\ndos bimestres &#8211;marzo a junio&#8211; sin cobro moratorio para las micro, peque\u00f1as y\nmedianas empresas de Oaxaca.<\/p>\n","protected":false},"excerpt":{"rendered":"<p>Yuridiana Sosa\/Zona Roja Oaxaca de Ju\u00e1rez, Oax., 7 de abril de 2020.- Para la Confederaci\u00f3n&hellip;<\/p>\n","protected":false},"author":2,"featured_media":10818,"comment_status":"closed","ping_status":"open","sticky":false,"template":"","format":"standard","meta":{"_lmt_disableupdate":"","_lmt_disable":"","_jetpack_memberships_contains_paid_content":false,"footnotes":""},"categories":[109,47],"tags":[1598],"class_list":["post-10817","post","type-post","status-publish","format-standard","has-post-thumbnail","hentry","category-minuto-a-minuto","category-zona-gris","tag-coparmex-oaxaca"],"jetpack_featured_media_url":"https:\/\/zonaroja.com.mx\/wp-content\/uploads\/2020\/04\/Comercios-cerrados-Oaxaca.png","jetpack_sharing_enabled":true,"_links":{"self":[{"href":"https:\/\/zonaroja.com.mx\/index.php?rest_route=\/wp\/v2\/posts\/10817","targetHints":{"allow":["GET"]}}],"collection":[{"href":"https:\/\/zonaroja.com.mx\/index.php?rest_route=\/wp\/v2\/posts"}],"about":[{"href":"https:\/\/zonaroja.com.mx\/index.php?rest_route=\/wp\/v2\/types\/post"}],"author":[{"embeddable":true,"href":"https:\/\/zonaroja.com.mx\/index.php?rest_route=\/wp\/v2\/users\/2"}],"replies":[{"embeddable":true,"href":"https:\/\/zonaroja.com.mx\/index.php?rest_route=%2Fwp%2Fv2%2Fcomments&post=10817"}],"version-history":[{"count":1,"href":"https:\/\/zonaroja.com.mx\/index.php?rest_route=\/wp\/v2\/posts\/10817\/revisions"}],"predecessor-version":[{"id":10819,"href":"https:\/\/zonaroja.com.mx\/index.php?rest_route=\/wp\/v2\/posts\/10817\/revisions\/10819"}],"wp:featuredmedia":[{"embeddable":true,"href":"https:\/\/zonaroja.com.mx\/index.php?rest_route=\/wp\/v2\/media\/10818"}],"wp:attachment":[{"href":"https:\/\/zonaroja.com.mx\/index.php?rest_route=%2Fwp%2Fv2%2Fmedia&parent=10817"}],"wp:term":[{"taxonomy":"category","embeddable":true,"href":"https:\/\/zonaroja.com.mx\/index.php?rest_route=%2Fwp%2Fv2%2Fcategories&post=10817"},{"taxonomy":"post_tag","embeddable":true,"href":"https:\/\/zonaroja.com.mx\/index.php?rest_route=%2Fwp%2Fv2%2Ftags&post=10817"}],"curies":[{"name":"wp","href":"https:\/\/api.w.org\/{rel}","templated":true}]}}