{"id":10832,"date":"2020-04-08T09:03:04","date_gmt":"2020-04-08T14:03:04","guid":{"rendered":"http:\/\/www.zonaroja.com.mx\/?p=10832"},"modified":"2020-04-08T09:03:07","modified_gmt":"2020-04-08T14:03:07","slug":"integrantes-del-poder-legislativo-piden-justicia-agil-para-maria-elena","status":"publish","type":"post","link":"https:\/\/zonaroja.com.mx\/?p=10832","title":{"rendered":"Integrantes del Poder Legislativo piden justicia \u00e1gil para Mar\u00eda Elena"},"content":{"rendered":"\n<p>Redacci\u00f3n\/Zona Roja. <\/p>\n\n\n\n<p>Oaxaca de Ju\u00e1rez, Oax. 8 de abril de\n2020.- Integrantes de la 64 Legislatura de Oaxaca llamaron al Poder Judicial y\na la Fiscal\u00eda General del Estado de Oaxaca, a conducirse con legalidad y garantizar\njusticia verdadera a la joven saxofonista, Mar\u00eda Elena R\u00edos, atacada con \u00e1cido\nen septiembre pasado, en Huajuapan de Le\u00f3n.<\/p>\n\n\n\n<p>Una vez que el presunto agresor\nintelectual est\u00e1 en poder de las autoridades, el diputado Horacio Sosa\nVillavicencio, presidente de la Junta de Coordinaci\u00f3n Pol\u00edtica del Congreso del\nEstado, critic\u00f3 la forma en que se mediatiz\u00f3, por las mismas autoridades, la\nentrega voluntaria de Juan Antonio V. C.<\/p>\n\n\n\n<p>\u201cVimos pr\u00e1cticamente una pose, donde el\nsecretario de Seguridad P\u00fablica, as\u00ed como sus funcionarios, se toman una\nfotograf\u00eda con este se\u00f1or, posando. Nos deben una explicaci\u00f3n sobre el por qu\u00e9\nhay delincuentes de primera y delincuentes de segunda. Le exigimos respeto para\nMar\u00eda Elena, por su condici\u00f3n de v\u00edctima y de mujer\u201d, expres\u00f3 el legislador.<\/p>\n\n\n\n<p>Para la sociedad los hechos no han\nquedado claros, \u201cse tiene que castigar con la mayor penalidad que requiere el\ncaso al presunto autor intelectual de la agresi\u00f3n con \u00e1cido. Hoy, los\nfamiliares y la misma Mar\u00eda Elena han exigido justicia, y desde el mismo\nCongreso estaremos atentos para que esto no haya sido producto de un montaje\u201d,\nse\u00f1al\u00f3.<\/p>\n\n\n\n<p>En tanto, la diputada Roc\u00edo Machuca\nRojas, presidenta de la Comisi\u00f3n Permanente de Igualdad de G\u00e9nero, hizo un\nllamado a las autoridades encargadas de procuraci\u00f3n e impartici\u00f3n de justicia,\na conducirse con legalidad, imparcialidad y perspectiva de g\u00e9nero en el caso de\nMar\u00eda Elena R\u00edos, en contra del presunto autor intelectual, Juan Antonio V. C.,\npues se trata de un delito de suma gravedad.<\/p>\n\n\n\n<p>Aunque celebr\u00f3 la aprehensi\u00f3n, tambi\u00e9n,\nse\u00f1al\u00f3 que no debe haber simulaci\u00f3n en los pasos actuales y posteriores del\nproceso: \u201cEs momento de dar un mensaje claro a la ciudadan\u00eda, de que nuestras\nni\u00f1as, adolescentes, mujeres y ancianas, son intocables, por lo que quien las\nviolente deber\u00e1 enfrentar todo el peso de la ley. Seguiremos con atenci\u00f3n y\nvigilantes el caso\u00bb.<\/p>\n\n\n\n<p>La legisladora Elisa Zepeda Lagunas,\npresidenta de la Comisi\u00f3n de Administraci\u00f3n y Procuraci\u00f3n de Justicia, se\u00f1al\u00f3\nque el proceso judicial contra Juan Antonio V. C., debe tener como objetivo\nhacer justicia y que no exista impunidad.<\/p>\n\n\n\n<p>Por ello, llam\u00f3 tambi\u00e9n a la Fiscal\u00eda de\nJusticia del Estado y al Tribunal Superior de Justicia, a tener claro que la\njusticia para Mar\u00eda Elena no debe depender de un acuerdo o negociaci\u00f3n\npol\u00edtica.<\/p>\n\n\n\n<p>El 4 de marzo pasado, diputadas y\ndiputados de la 64 Legislatura, aprobaron una reforma del C\u00f3digo Penal Local\npara castigar, hasta con 40 a\u00f1os de c\u00e1rcel, a la persona que ataque con \u00e1cido a\nuna mujer por razones de g\u00e9nero y deje como consecuencia alguna deformidad\nincorregible en el rostro de la v\u00edctima.<\/p>\n\n\n\n<p>Lo anterior, al adicionar los art\u00edculos\n412-A y 412-B al cap\u00edtulo III del T\u00edtulo Vig\u00e9simo segundo denominado \u201cDelitos\nContra el Derecho a una Vida Libre de Violencia\u201d del C\u00f3digo Penal para la\nentidad.<\/p>\n","protected":false},"excerpt":{"rendered":"<p>Redacci\u00f3n\/Zona Roja. Oaxaca de Ju\u00e1rez, Oax. 8 de abril de 2020.- Integrantes de la 64&hellip;<\/p>\n","protected":false},"author":2,"featured_media":10833,"comment_status":"closed","ping_status":"open","sticky":false,"template":"","format":"standard","meta":{"_lmt_disableupdate":"","_lmt_disable":"","_jetpack_memberships_contains_paid_content":false,"footnotes":""},"categories":[109,47],"tags":[213],"class_list":["post-10832","post","type-post","status-publish","format-standard","has-post-thumbnail","hentry","category-minuto-a-minuto","category-zona-gris","tag-64-legislatura-de-oaxaca"],"jetpack_featured_media_url":"https:\/\/zonaroja.com.mx\/wp-content\/uploads\/2020\/04\/DIPUTADOS-OAX.jpg","jetpack_sharing_enabled":true,"_links":{"self":[{"href":"https:\/\/zonaroja.com.mx\/index.php?rest_route=\/wp\/v2\/posts\/10832","targetHints":{"allow":["GET"]}}],"collection":[{"href":"https:\/\/zonaroja.com.mx\/index.php?rest_route=\/wp\/v2\/posts"}],"about":[{"href":"https:\/\/zonaroja.com.mx\/index.php?rest_route=\/wp\/v2\/types\/post"}],"author":[{"embeddable":true,"href":"https:\/\/zonaroja.com.mx\/index.php?rest_route=\/wp\/v2\/users\/2"}],"replies":[{"embeddable":true,"href":"https:\/\/zonaroja.com.mx\/index.php?rest_route=%2Fwp%2Fv2%2Fcomments&post=10832"}],"version-history":[{"count":1,"href":"https:\/\/zonaroja.com.mx\/index.php?rest_route=\/wp\/v2\/posts\/10832\/revisions"}],"predecessor-version":[{"id":10834,"href":"https:\/\/zonaroja.com.mx\/index.php?rest_route=\/wp\/v2\/posts\/10832\/revisions\/10834"}],"wp:featuredmedia":[{"embeddable":true,"href":"https:\/\/zonaroja.com.mx\/index.php?rest_route=\/wp\/v2\/media\/10833"}],"wp:attachment":[{"href":"https:\/\/zonaroja.com.mx\/index.php?rest_route=%2Fwp%2Fv2%2Fmedia&parent=10832"}],"wp:term":[{"taxonomy":"category","embeddable":true,"href":"https:\/\/zonaroja.com.mx\/index.php?rest_route=%2Fwp%2Fv2%2Fcategories&post=10832"},{"taxonomy":"post_tag","embeddable":true,"href":"https:\/\/zonaroja.com.mx\/index.php?rest_route=%2Fwp%2Fv2%2Ftags&post=10832"}],"curies":[{"name":"wp","href":"https:\/\/api.w.org\/{rel}","templated":true}]}}