{"id":10838,"date":"2020-04-08T12:16:53","date_gmt":"2020-04-08T17:16:53","guid":{"rendered":"https:\/\/www.zonaroja.com.mx\/?p=10838"},"modified":"2020-04-08T12:19:04","modified_gmt":"2020-04-08T17:19:04","slug":"incendian-vehiculos-en-santa-lucia-del-camino-y-en-tuxtepec","status":"publish","type":"post","link":"https:\/\/zonaroja.com.mx\/?p=10838","title":{"rendered":"Incendian veh\u00edculos, en Santa Luc\u00eda del Camino y en Tuxtepec"},"content":{"rendered":"\n<p><br>Redacci\u00f3n\/Zona Roja.<br>Oaxaca de Ju\u00e1rez, Oax., 8 de abril de 2020.- Pese a la contingencia sanitaria y el llamado a permanecer en casa, la madrugada de <a href=\"\/\/0\">este mi\u00e9rcoles<\/a> un veh\u00edculo fue incendiado en inmediaciones del municipio de Santa Luc\u00eda del Camino, junto a instalaciones de la Secretar\u00eda de la Defensa Nacional (Sedena) ubicadas en la agencia de Santa Mar\u00eda Ixcotel. <br>De acuerdo con los primeros reportes, los hechos se suscitaron despu\u00e9s <a href=\"\/\/1\">de las cuatro de la ma\u00f1ana<\/a> sobre la tercera <a href=\"\/\/2\">calle de Juan Escutia en la colonia Ni\u00f1os Heroes<\/a>, en donde prendieron fuego a una camioneta marca Ford, tipo Explorer, de color crema con placas de circulaci\u00f3n TLH9374 del estado de Oaxaca.<br>Aunque se desconoce si se trat\u00f3 de un acto provocado o accidental, trascendi\u00f3 que muy cerca del veh\u00edculo semicalcinado, que se encontraba tambi\u00e9n a unos diez metros del acceso principal al Penal de Ixcotel, se hall\u00f3 un mensaje en el que alude a autoridades del reclusorio.<\/p>\n\n\n\n<p><br>De acuerdo con reportes extraoficiales, se trata de probables grupos del crimen organizado, que intentan seguir introduciendo droga en el penal y no han podido, ante las medidas y restricciones que ha impuesto la Secretar\u00eda de Seguridad P\u00fablica de Oaxaca. <br>En tanto, vecinos de la colonia Ni\u00f1os H\u00e9roes denunciaron la nula vigilancia por parte de la polic\u00eda municipal de Santa Luc\u00eda del Camino, lo que ha incrementado la inseguridad en la zona. <br>Ante la evidente ausencia de vigilancia local, fueron elementos de la Agencia Estatal de Investigaciones (AEI) y la Polic\u00eda Estatal quienes hicieron presencia en el lugar para recabar los datos e iniciar lasinvestigaciones al respecto. <\/p>\n\n\n\n<p>https:\/\/twitter.com\/mexroja\/status\/1247886028414709762?s=21<a href=\"https:\/\/twitter.com\/mexroja\/status\/1247886028414709762?s=21\"><br><\/a>El incendio del veh\u00edculo se une a la serie de problemas de inseguridad que ha registrado el municipio, el cual incluye saqueos, asaltos e incluso desobediencia ante la emergencia sanitaria, ya que el presidente municipal Dante Monta\u00f1o Montero se ha tardado en implementar acciones que puedan hacer frente a la emergencia sanitaria. <br>EN TUXTEPEC <br>El caso no es el \u00fanico en la entidad oaxaque\u00f1a ya que se tiene reporte de otro veh\u00edculo quemado en la comunidad de San Bartolo, ubicada en el municipio de San Juan Bautista Tuxtepec, el cual mantiene altos \u00edndices de inseguridad, prueba de ello el reciente asesinato de Gabriel Reyes Begines, regidor de Desarrollo Urbano.<br>El hecho no fue registrado por la autoridad municipal, raz\u00f3n por la que se desconoce si se trat\u00f3 de un incendio provocado o accidental, sin embargo se sabe que el veh\u00edculo fue abandonado <a href=\"\/\/3\">desde la tarde<\/a>de <a href=\"\/\/4\">este martes<\/a> en la zona.<\/p>\n","protected":false},"excerpt":{"rendered":"<p>Redacci\u00f3n\/Zona Roja.Oaxaca de Ju\u00e1rez, Oax., 8 de abril de 2020.- Pese a la contingencia sanitaria&hellip;<\/p>\n","protected":false},"author":2,"featured_media":10837,"comment_status":"closed","ping_status":"open","sticky":false,"template":"","format":"standard","meta":{"_lmt_disableupdate":"","_lmt_disable":"","_jetpack_memberships_contains_paid_content":false,"footnotes":""},"categories":[109,47],"tags":[337],"class_list":["post-10838","post","type-post","status-publish","format-standard","has-post-thumbnail","hentry","category-minuto-a-minuto","category-zona-gris","tag-santa-lucia-del-camino"],"jetpack_featured_media_url":"https:\/\/zonaroja.com.mx\/wp-content\/uploads\/2020\/04\/e2ebfc94-a7f1-4ba0-90f2-292009b3e088.jpg","jetpack_sharing_enabled":true,"_links":{"self":[{"href":"https:\/\/zonaroja.com.mx\/index.php?rest_route=\/wp\/v2\/posts\/10838","targetHints":{"allow":["GET"]}}],"collection":[{"href":"https:\/\/zonaroja.com.mx\/index.php?rest_route=\/wp\/v2\/posts"}],"about":[{"href":"https:\/\/zonaroja.com.mx\/index.php?rest_route=\/wp\/v2\/types\/post"}],"author":[{"embeddable":true,"href":"https:\/\/zonaroja.com.mx\/index.php?rest_route=\/wp\/v2\/users\/2"}],"replies":[{"embeddable":true,"href":"https:\/\/zonaroja.com.mx\/index.php?rest_route=%2Fwp%2Fv2%2Fcomments&post=10838"}],"version-history":[{"count":1,"href":"https:\/\/zonaroja.com.mx\/index.php?rest_route=\/wp\/v2\/posts\/10838\/revisions"}],"predecessor-version":[{"id":10839,"href":"https:\/\/zonaroja.com.mx\/index.php?rest_route=\/wp\/v2\/posts\/10838\/revisions\/10839"}],"wp:featuredmedia":[{"embeddable":true,"href":"https:\/\/zonaroja.com.mx\/index.php?rest_route=\/wp\/v2\/media\/10837"}],"wp:attachment":[{"href":"https:\/\/zonaroja.com.mx\/index.php?rest_route=%2Fwp%2Fv2%2Fmedia&parent=10838"}],"wp:term":[{"taxonomy":"category","embeddable":true,"href":"https:\/\/zonaroja.com.mx\/index.php?rest_route=%2Fwp%2Fv2%2Fcategories&post=10838"},{"taxonomy":"post_tag","embeddable":true,"href":"https:\/\/zonaroja.com.mx\/index.php?rest_route=%2Fwp%2Fv2%2Ftags&post=10838"}],"curies":[{"name":"wp","href":"https:\/\/api.w.org\/{rel}","templated":true}]}}