{"id":10841,"date":"2020-04-08T14:29:14","date_gmt":"2020-04-08T19:29:14","guid":{"rendered":"https:\/\/www.zonaroja.com.mx\/?p=10841"},"modified":"2020-04-08T14:29:16","modified_gmt":"2020-04-08T19:29:16","slug":"oaxaca-entre-pandemia-e-incendios-forestales-se-han-registrado-hasta-10-en-un-dia","status":"publish","type":"post","link":"https:\/\/zonaroja.com.mx\/?p=10841","title":{"rendered":"Oaxaca, entre pandemia e incendios forestales; se han registrado hasta 10 en un d\u00eda"},"content":{"rendered":"\n<p class=\"MsoNormal\">Yuridiana Sosa\/Zona Roja.<\/p>\n\n\n\n<p class=\"MsoNormal\">Oaxaca de Ju\u00e1rez, Oax., 7 de abril de 2020.- Frente a la crisis sanitaria por el Covid-19 y en medio del periodo del a\u00f1o de mayor crisis en incendios forestales, la entidad registr\u00f3 en el transcurso de 24 horas cuatro conflagraciones, de las que hasta <a href=\"\/\/1\">este mi\u00e9rcoles<\/a> siguen activas  dos ubicadas en las regiones de la Mixteca y la Costa.<\/p>\n\n\n\n<p class=\"MsoNormal\">La Comisi\u00f3n Estatal Forestal (Coesfo) inform\u00f3 que <a href=\"\/\/2\">este martes<\/a> se report\u00f3 un incidente en la comunidad de Vicente Guerrero, San Esteban Atatlahuca, en la regi\u00f3n Mixteca, y otro en el paraje del Cerro de la Cruz, en la comunidad de San Jos\u00e9 Piedras Negras, del municipio de Santo Domingo de Morelos, en la Costa, los cuales ya son atendidos, pero siguen activos.<\/p>\n\n\n\n<p class=\"MsoNormal\">Estos siniestros se registraron horas despu\u00e9s de combatido el fuego en San Miguel Maninaltepec, del municipio de San Juan Quiotepec, el cual tambi\u00e9n se concluy\u00f3 con diferencia de horas, del pasado 6 de abril, al finiquitado en San Lorenzo Texmelucan, en la Sierra Sur.<\/p>\n\n\n\n<p class=\"MsoNormal\">El titular de la Coesfo, Aar\u00f3n Ju\u00e1rez, se\u00f1al\u00f3 que el trimestre de abril a mayo son lo que presentan un mayor n\u00famero de incidencia, alcanzando el registro de entre ocho a 10 incendios forestales en un solo d\u00eda.<\/p>\n\n\n\n<p class=\"MsoNormal\">Las principales causas, dijo, son el descuido humano, actividades de tumba, roza y quema; tirar colillas de cigarro, quema de basura e incluso de manera intencional.<\/p>\n\n\n\n<p class=\"MsoNormal\">EN CIFRAS&nbsp;<\/p>\n\n\n\n<p class=\"MsoNormal\">Hasta&nbsp;<a href=\"\/\/5\">este mi\u00e9rcoles<\/a>, se han registrado 77 incendios forestales en la entidad, de los que dos se encuentran activos.<\/p>\n\n\n\n<p class=\"MsoNormal\">La cantidad de siniestros representan 26 por ciento m\u00e1s de los contabilizados hasta el pasado 27 de marzo, cuando la Coesfo inform\u00f3 de 61 incendios.<\/p>\n\n\n\n<p class=\"MsoNormal\">A la fecha, con el registro de \u00fanicamente 51 eventos, son mil 284 hect\u00e1reas afectadas por los incendios forestales.<\/p>\n","protected":false},"excerpt":{"rendered":"<p>Yuridiana Sosa\/Zona Roja. Oaxaca de Ju\u00e1rez, Oax., 7 de abril de 2020.- Frente a la&hellip;<\/p>\n","protected":false},"author":2,"featured_media":10840,"comment_status":"closed","ping_status":"open","sticky":false,"template":"","format":"standard","meta":{"_lmt_disableupdate":"","_lmt_disable":"","_jetpack_memberships_contains_paid_content":false,"footnotes":""},"categories":[109,47],"tags":[1255],"class_list":["post-10841","post","type-post","status-publish","format-standard","has-post-thumbnail","hentry","category-minuto-a-minuto","category-zona-gris","tag-comision-estatal-forestal-de-oaxaca"],"jetpack_featured_media_url":"https:\/\/zonaroja.com.mx\/wp-content\/uploads\/2020\/04\/img_9892.jpg","jetpack_sharing_enabled":true,"_links":{"self":[{"href":"https:\/\/zonaroja.com.mx\/index.php?rest_route=\/wp\/v2\/posts\/10841","targetHints":{"allow":["GET"]}}],"collection":[{"href":"https:\/\/zonaroja.com.mx\/index.php?rest_route=\/wp\/v2\/posts"}],"about":[{"href":"https:\/\/zonaroja.com.mx\/index.php?rest_route=\/wp\/v2\/types\/post"}],"author":[{"embeddable":true,"href":"https:\/\/zonaroja.com.mx\/index.php?rest_route=\/wp\/v2\/users\/2"}],"replies":[{"embeddable":true,"href":"https:\/\/zonaroja.com.mx\/index.php?rest_route=%2Fwp%2Fv2%2Fcomments&post=10841"}],"version-history":[{"count":1,"href":"https:\/\/zonaroja.com.mx\/index.php?rest_route=\/wp\/v2\/posts\/10841\/revisions"}],"predecessor-version":[{"id":10842,"href":"https:\/\/zonaroja.com.mx\/index.php?rest_route=\/wp\/v2\/posts\/10841\/revisions\/10842"}],"wp:featuredmedia":[{"embeddable":true,"href":"https:\/\/zonaroja.com.mx\/index.php?rest_route=\/wp\/v2\/media\/10840"}],"wp:attachment":[{"href":"https:\/\/zonaroja.com.mx\/index.php?rest_route=%2Fwp%2Fv2%2Fmedia&parent=10841"}],"wp:term":[{"taxonomy":"category","embeddable":true,"href":"https:\/\/zonaroja.com.mx\/index.php?rest_route=%2Fwp%2Fv2%2Fcategories&post=10841"},{"taxonomy":"post_tag","embeddable":true,"href":"https:\/\/zonaroja.com.mx\/index.php?rest_route=%2Fwp%2Fv2%2Ftags&post=10841"}],"curies":[{"name":"wp","href":"https:\/\/api.w.org\/{rel}","templated":true}]}}