{"id":10843,"date":"2020-04-08T15:49:04","date_gmt":"2020-04-08T20:49:04","guid":{"rendered":"http:\/\/www.zonaroja.com.mx\/?p=10843"},"modified":"2020-04-08T15:49:07","modified_gmt":"2020-04-08T20:49:07","slug":"plan-estrategico-de-murat-ante-covid-19-insuficiente-diputados-de-morena","status":"publish","type":"post","link":"https:\/\/zonaroja.com.mx\/?p=10843","title":{"rendered":"Plan estrat\u00e9gico de Murat ante Covid-19, insuficiente: diputados de Morena"},"content":{"rendered":"\n<p>Yuridiana Sosa\/Zona Roja.<\/p>\n\n\n\n<p>Oaxaca de Ju\u00e1rez, Oax.- 8 de abril de\n2020.- La fracci\u00f3n parlamentaria del Partido Morena de la 64 legislatura de\nOaxaca se pronunci\u00f3 contra la falta de transparencia y posible manipulaci\u00f3n de\nlos recursos que el Gobierno del Estado destinar\u00e1 para el \u201cPrograma de\nincentivos y apoyos para la estabilidad econ\u00f3mica de Oaxaca\u201d.<\/p>\n\n\n\n<p>En conferencia de prensa, los diputados calificaron\ncomo insuficiente la iniciativa <\/p>\n\n\n\n<p>Y expusieron que de los mil 270 millones\nde pesos que el gobernador Alejandro Murat Hinojosa anunci\u00f3 como inversi\u00f3n,\ns\u00f3lo 622 millones de pesos se destinar\u00edan al plan de 10 acciones.<\/p>\n\n\n\n<p>Pues, precisaron, que los 48 proyectos\nde infraestructura que el gobernador presumi\u00f3 en el mensaje de este martes como\nparte de sus acciones para enfrentar y superar la crisis por Covid-19,\nrequerir\u00e1n una inversi\u00f3n de 648 millones de pesos.<\/p>\n\n\n\n<p>Sin embrago, sobre esos proyectos de infraestructura, los legisladores indicaron que son acciones que el Congreso del Estado ya hab\u00eda aprobado en el decreto 809 del pasado 3 de octubre de 2019, por el cual autoriz\u00f3 al ejecutivo la contrataci\u00f3n de un financiamiento por tres mil 500 millones de pesos.<\/p>\n\n\n\n<figure class=\"wp-block-embed-twitter wp-block-embed is-type-rich is-provider-twitter\"><div class=\"wp-block-embed__wrapper\">\n<div class=\"twitter-tweet\"><blockquote class=\"twitter-tweet\" data-lang=\"es\"><p lang=\"es\" dir=\"ltr\"><a href=\"https:\/\/twitter.com\/hashtag\/%C3%9AltimoMinuto?src=hash&amp;ref_src=twsrc%5Etfw\">#\u00daltimoMinuto<\/a> <br>Insuficiente, el plan econ\u00f3mico presentado por el gobernador <a href=\"https:\/\/twitter.com\/alejandromurat?ref_src=twsrc%5Etfw\">@alejandromurat<\/a> para paliar crisis por coronavirus, dijo hoy la fracci\u00f3n de Morena en <a href=\"https:\/\/twitter.com\/CongresoOaxLXIV?ref_src=twsrc%5Etfw\">@CongresoOaxLXIV<\/a>. <br>Diputado <a href=\"https:\/\/twitter.com\/HoracioSosaOax?ref_src=twsrc%5Etfw\">@HoracioSosaOax<\/a> pidi\u00f3 mesa t\u00e9cnica para analizar paquete, porque recursos es de deuda. <a href=\"https:\/\/t.co\/oezrbD5zNv\">pic.twitter.com\/oezrbD5zNv<\/a><\/p>&mdash; Zona Roja Oaxaca (@MexRoja) <a href=\"https:\/\/twitter.com\/MexRoja\/status\/1247963145693319168?ref_src=twsrc%5Etfw\">8 de abril de 2020<\/a><\/blockquote><\/div>\n<\/div><\/figure>\n\n\n\n<p>\u201cM\u00e1s de la mitad de las obras para hacer\nfrente a la contingencia econ\u00f3mica son en realidad obras y recursos que el\nCongreso del Estado ya hab\u00eda aprobado y etiquetado y que su ejecuci\u00f3n no\nobedece a la necesidad de la pandemia, sino de la obligaci\u00f3n de ejercer\nrecursos conforme fueron previstos\u201d, sentenciaron.<\/p>\n\n\n\n<p>Ante este panorama, los legisladores\nencabezados por el presidente de la Junta de Coordinaci\u00f3n Pol\u00edtica, Horacio\nSosa Villavicencio, exhortaron al gobernador a realizar una mesa t\u00e9cnica para\nreformular el presupuesto de egreso del gobierno del estado, con el fin de\nhacer frente a las necesidades por la pandemia del coronavirus en los \u00e1mbitos\necon\u00f3mico, social y humano.<\/p>\n\n\n\n<p>Durante la conferencia tambi\u00e9n\ncriticaron que el Gobierno del Estado no consider\u00f3 apoyos en su plan\nestrat\u00e9gico a quienes laboral en la informalidad, que de acuerdo al Instituto\nNacional de Estad\u00edstica y Geograf\u00eda (INEGI), al cierre del 2019, un mill\u00f3n 486\nmil 136 personas eran econ\u00f3micamente activas en el sector informal, contra poco\nm\u00e1s de 360 mil personas en el sector formal.<\/p>\n","protected":false},"excerpt":{"rendered":"<p>Yuridiana Sosa\/Zona Roja. Oaxaca de Ju\u00e1rez, Oax.- 8 de abril de 2020.- La fracci\u00f3n parlamentaria&hellip;<\/p>\n","protected":false},"author":2,"featured_media":10844,"comment_status":"closed","ping_status":"open","sticky":false,"template":"","format":"standard","meta":{"_lmt_disableupdate":"","_lmt_disable":"","_jetpack_memberships_contains_paid_content":false,"footnotes":""},"categories":[109,47],"tags":[213],"class_list":["post-10843","post","type-post","status-publish","format-standard","has-post-thumbnail","hentry","category-minuto-a-minuto","category-zona-gris","tag-64-legislatura-de-oaxaca"],"jetpack_featured_media_url":"https:\/\/zonaroja.com.mx\/wp-content\/uploads\/2020\/04\/Legisladores-Morena.jpg","jetpack_sharing_enabled":true,"_links":{"self":[{"href":"https:\/\/zonaroja.com.mx\/index.php?rest_route=\/wp\/v2\/posts\/10843","targetHints":{"allow":["GET"]}}],"collection":[{"href":"https:\/\/zonaroja.com.mx\/index.php?rest_route=\/wp\/v2\/posts"}],"about":[{"href":"https:\/\/zonaroja.com.mx\/index.php?rest_route=\/wp\/v2\/types\/post"}],"author":[{"embeddable":true,"href":"https:\/\/zonaroja.com.mx\/index.php?rest_route=\/wp\/v2\/users\/2"}],"replies":[{"embeddable":true,"href":"https:\/\/zonaroja.com.mx\/index.php?rest_route=%2Fwp%2Fv2%2Fcomments&post=10843"}],"version-history":[{"count":1,"href":"https:\/\/zonaroja.com.mx\/index.php?rest_route=\/wp\/v2\/posts\/10843\/revisions"}],"predecessor-version":[{"id":10845,"href":"https:\/\/zonaroja.com.mx\/index.php?rest_route=\/wp\/v2\/posts\/10843\/revisions\/10845"}],"wp:featuredmedia":[{"embeddable":true,"href":"https:\/\/zonaroja.com.mx\/index.php?rest_route=\/wp\/v2\/media\/10844"}],"wp:attachment":[{"href":"https:\/\/zonaroja.com.mx\/index.php?rest_route=%2Fwp%2Fv2%2Fmedia&parent=10843"}],"wp:term":[{"taxonomy":"category","embeddable":true,"href":"https:\/\/zonaroja.com.mx\/index.php?rest_route=%2Fwp%2Fv2%2Fcategories&post=10843"},{"taxonomy":"post_tag","embeddable":true,"href":"https:\/\/zonaroja.com.mx\/index.php?rest_route=%2Fwp%2Fv2%2Ftags&post=10843"}],"curies":[{"name":"wp","href":"https:\/\/api.w.org\/{rel}","templated":true}]}}