{"id":10846,"date":"2020-04-08T16:42:19","date_gmt":"2020-04-08T21:42:19","guid":{"rendered":"http:\/\/www.zonaroja.com.mx\/?p=10846"},"modified":"2020-04-08T16:42:21","modified_gmt":"2020-04-08T21:42:21","slug":"citan-a-asamblea-en-coyotepec-pese-a-llamado-de-evitar-conglomeraciones","status":"publish","type":"post","link":"https:\/\/zonaroja.com.mx\/?p=10846","title":{"rendered":"Citan a asamblea en Coyotepec, pese a llamado de evitar conglomeraciones"},"content":{"rendered":"\n<p>Evlin Arag\u00f3n\/Zona Roja.<\/p>\n\n\n\n<p>Oaxaca de Ju\u00e1rez, Oax., 8 de abril de\n2020.- Sin tomar en cuenta la emergencia sanitaria y mucho menos respetar el\nllamado a quedarse en casa y mantener la sana distancia que ha enunciado el\ngobierno federal ante la pandemia mundial por Covid-19, la madrugada de este\nmi\u00e9rcoles la autoridad de San Bartolo Coyotepec convoc\u00f3 a una asamblea para el\npr\u00f3ximo s\u00e1bado 11 de abril.<\/p>\n\n\n\n<p>Lo anterior luego de cuatro horas en las que decenas de personas se mantuvieron aglutinadas a las afueras del Palacio Municipal, adem\u00e1s de impedir la salida del edil Pablo Cruz Pacheco, tras el aseguramiento de dos mototaxis irregulares por parte de la Secretar\u00eda de Movilidad (Semovi), ante la previa solicitud que realiz\u00f3 la autoridad municipal<\/p>\n\n\n\n<p>Los inconformes tambi\u00e9n bloquearon la\ncarretera federal 175 desde la noche de ayer, por lo que al lugar arrib\u00f3\npersonal de la Guardia Nacional para evitar cualquier tipo de enfrentamiento,\ndebido a la inconformidad de un grupo de personas en torno operativo\nimplementado.<\/p>\n\n\n\n<p>Ante la problem\u00e1tica, se determin\u00f3 que\nel pr\u00f3ximo s\u00e1bado se llevar\u00e1 a cabo una asamblea comunitaria para que el pueblo\ndecida si autoriza o no que las unidades de trasporte p\u00fablico que no est\u00e1n\nregularizadas pueden circular en la localidad.<\/p>\n\n\n\n<p>Lo anterior, sin explicar las medidas\nsanitarias que se implementar\u00e1n ante la emergencia decretada por las\nautoridades federales debido a la presencia del Covid-19, que en M\u00e9xico hasta\nel momento ha cobrado la vida de 141 personas.<\/p>\n\n\n\n<p>De acuerdo con las autoridades federales\nlas principales acciones para evitar la propagaci\u00f3n masiva del coronavirus son:\npermanecer en casa, evitar conglomeraciones y mantener la sana distancia,\nninguna tomada en cuenta por la autoridad municipal que aprob\u00f3 la realizaci\u00f3n\nde la asamblea comunitaria, mientras otras localidades oaxaque\u00f1as han cerrado\nsus accesos carreteros para impedir el contagio de su poblaci\u00f3n.<\/p>\n\n\n\n<p>El conflicto entre transportistas en la zona ha estado vigente en los \u00faltimos d\u00edas; el pasado lunes un mototaxista del sitio \u00abZaapeche\u00bb denunci\u00f3 p\u00fablicamente que fue golpeado por un grupo de unidades irregulares, que circulan en el municipio de San Bartolo Coyotepec., tal y como fue publicado en el diario \u00abEl Imparcial\u00bb.<\/p>\n\n\n\n<p>El ofendido se\u00f1al\u00f3 al medio de comunicaci\u00f3n local que mientras las corporaciones de seguridad, en conjunto con la Secretar\u00eda de Movilidad de Oaxaca (Semovi), est\u00e1n trabajando para sanitizar las unidades del servicio p\u00fablico, en la localidad perteneciente a los Valles Centrales los mototaxis \u00abpiratas\u00bb circulan con total impunidad.<\/p>\n\n\n\n<p>En tanto, la organizaci\u00f3n social Comuna Oaxaca, que dirigen entre otros Flavio Sosa Villavicencio, se deslind\u00f3 de promover los taxis \u201cpirata\u201d o irregulares en Coyotepec y en cualquier otra comunidad del estado.<\/p>\n","protected":false},"excerpt":{"rendered":"<p>Evlin Arag\u00f3n\/Zona Roja. Oaxaca de Ju\u00e1rez, Oax., 8 de abril de 2020.- Sin tomar en&hellip;<\/p>\n","protected":false},"author":2,"featured_media":10847,"comment_status":"closed","ping_status":"open","sticky":false,"template":"","format":"standard","meta":{"_lmt_disableupdate":"","_lmt_disable":"","_jetpack_memberships_contains_paid_content":false,"footnotes":""},"categories":[109,47],"tags":[1155],"class_list":["post-10846","post","type-post","status-publish","format-standard","has-post-thumbnail","hentry","category-minuto-a-minuto","category-zona-gris","tag-san-bartolo-coyotepec"],"jetpack_featured_media_url":"https:\/\/zonaroja.com.mx\/wp-content\/uploads\/2020\/04\/8f71075a-9479-4e5d-8ed5-0bd732e5a8ea.jpg","jetpack_sharing_enabled":true,"_links":{"self":[{"href":"https:\/\/zonaroja.com.mx\/index.php?rest_route=\/wp\/v2\/posts\/10846","targetHints":{"allow":["GET"]}}],"collection":[{"href":"https:\/\/zonaroja.com.mx\/index.php?rest_route=\/wp\/v2\/posts"}],"about":[{"href":"https:\/\/zonaroja.com.mx\/index.php?rest_route=\/wp\/v2\/types\/post"}],"author":[{"embeddable":true,"href":"https:\/\/zonaroja.com.mx\/index.php?rest_route=\/wp\/v2\/users\/2"}],"replies":[{"embeddable":true,"href":"https:\/\/zonaroja.com.mx\/index.php?rest_route=%2Fwp%2Fv2%2Fcomments&post=10846"}],"version-history":[{"count":1,"href":"https:\/\/zonaroja.com.mx\/index.php?rest_route=\/wp\/v2\/posts\/10846\/revisions"}],"predecessor-version":[{"id":10848,"href":"https:\/\/zonaroja.com.mx\/index.php?rest_route=\/wp\/v2\/posts\/10846\/revisions\/10848"}],"wp:featuredmedia":[{"embeddable":true,"href":"https:\/\/zonaroja.com.mx\/index.php?rest_route=\/wp\/v2\/media\/10847"}],"wp:attachment":[{"href":"https:\/\/zonaroja.com.mx\/index.php?rest_route=%2Fwp%2Fv2%2Fmedia&parent=10846"}],"wp:term":[{"taxonomy":"category","embeddable":true,"href":"https:\/\/zonaroja.com.mx\/index.php?rest_route=%2Fwp%2Fv2%2Fcategories&post=10846"},{"taxonomy":"post_tag","embeddable":true,"href":"https:\/\/zonaroja.com.mx\/index.php?rest_route=%2Fwp%2Fv2%2Ftags&post=10846"}],"curies":[{"name":"wp","href":"https:\/\/api.w.org\/{rel}","templated":true}]}}