{"id":10849,"date":"2020-04-08T17:35:20","date_gmt":"2020-04-08T22:35:20","guid":{"rendered":"http:\/\/www.zonaroja.com.mx\/?p=10849"},"modified":"2020-04-08T20:10:28","modified_gmt":"2020-04-09T01:10:28","slug":"exige-fusion-recontratacion-de-personal-medico-y-aplicacion-de-recurso-en-salud","status":"publish","type":"post","link":"https:\/\/zonaroja.com.mx\/?p=10849","title":{"rendered":"Exige FUSION recontrataci\u00f3n de personal m\u00e9dico y aplicaci\u00f3n de recurso en salud"},"content":{"rendered":"\n<p>Evlin Arag\u00f3n\/Zona Roja.<\/p>\n\n\n\n<p>Oaxaca de Ju\u00e1rez, Oax., 8 de abril de\n2020.- El Frente Unificador de Sindicatos Independientes Oaxaque\u00f1os y\nNacionales (FUSION) exigi\u00f3 la provisi\u00f3n inmediata de insumos y medicamentos a\nlas y los trabajadores del sector salud.<\/p>\n\n\n\n<p>As\u00ed mismo, un alto a la improvisaci\u00f3n de\nespacios en los hospitales para la atenci\u00f3n de los infectados por Covid\u201019 ya que se convierten en focos de\ninfecci\u00f3n.<\/p>\n\n\n\n<p>As\u00ed lo informaron en un comunicado en\nconjunto, en el que explicaron que actualmente el personal de salud labora al\nl\u00edmite, sin contar con los implementos indispensables para protegerse y la\ninfraestructura para hacer frente a la crisis; prueba de ello es que con una\npoblaci\u00f3n de casi cuatro millones de habitantes, hay cuando mucho, 50\nrespiradores mec\u00e1nicos en funcionamiento.<\/p>\n\n\n\n<p>\u201cEn nuestro estado, es aberrante\nescuchar declaraciones en diferentes medios de comunicaci\u00f3n de quienes dirigen\nel sistema de salud, con mentiras descaradas afirman que ya se equiparon\nhospitales para atenci\u00f3n de pacientes por Covid-19\u201d, cita el documento.<\/p>\n\n\n\n<p>Ante las carencias de material y\npersonal existente en estos momentos, hicieron un llamado a las autoridades\nestatales y nacionales para recontratar de forma inmediata al personal m\u00e9dico y\nparam\u00e9dicos de los programas U013 e Insabi, antes Pr\u00f3spera y Seguro Popular y\nla aplicaci\u00f3n del recurso anunciado para hacer frente a la contingencia\nsanitaria que se vive en este momento.<\/p>\n\n\n\n<p>\u201cExigimos la aplicaci\u00f3n inmediata de los\n180 millones de pesos que el gobierno anunci\u00f3 para combatir la contingencia\nsanitaria. No permitiremos que se desv\u00ede para apoyos a empresarios hoteleros y\nrestauranteros\u201d, cita el comunicado emitido.<\/p>\n\n\n\n<p>Explicaron que en ocasiones pasadas ya\nhan hecho estos planteamiento a las autoridades estatales y federales sin que\nexista respuesta satisfactoria, raz\u00f3n por la que responsabilizaron a los\ngobiernos de lo que pueda pasar durante las fases 2 y 3 de la contingencia por\nel Covid-19, ante el desamparo en el que se encuentra el sector salud.<\/p>\n\n\n\n<p>De igual forma, denunciaron el reciente\ncaso que se registr\u00f3 en el Hospital del ISSSTE, donde un funcionario adscrito a\nlos Servicios de Salud puso en riesgo al personal del hospital y a las personas\nque acud\u00edan ese d\u00eda a atenci\u00f3n, debido al tr\u00e1fico de influencias y el olvido\ndel protocolo para atender la contingencia sanitaria, que debe reforzarse en\nbeneficio de la ciudadan\u00eda.<\/p>\n\n\n\n<p>Reconocieron que no se cuenta con un\nsistema de salud que pueda contener la gravedad de la situaci\u00f3n generada por el\nCovid-19; sin embargo, el personal m\u00e9dico, de enfermer\u00eda y el resto adscrito a\nlos Servicios de Salud, est\u00e1n comprometidos con su trabajo y la salud de las y\nlos oaxaque\u00f1os.<\/p>\n\n\n\n<p>Por lo que insistieron en la entrega de\ninsumos y medicamentos, equipo especializado, equipo de protecci\u00f3n personal de\nlas y los trabajadores para enfrentar la contingencia.<\/p>\n\n\n\n<p>Finalmente aseguraron que la crisis\nsanitaria causada por el coronavirus no es s\u00f3lo una crisis m\u00e9dica, sino tambi\u00e9n\nuna crisis social ocasionada por el capitalismo en la cual los que menos tienen\nseguir\u00e1n siendo los m\u00e1s afectados ante la pandemia y los efectos que traiga en\nla econom\u00eda.<\/p>\n","protected":false},"excerpt":{"rendered":"<p>Evlin Arag\u00f3n\/Zona Roja. Oaxaca de Ju\u00e1rez, Oax., 8 de abril de 2020.- El Frente Unificador&hellip;<\/p>\n","protected":false},"author":2,"featured_media":10855,"comment_status":"closed","ping_status":"open","sticky":false,"template":"","format":"standard","meta":{"_lmt_disableupdate":"","_lmt_disable":"","_jetpack_memberships_contains_paid_content":false,"footnotes":""},"categories":[109,47],"tags":[1512],"class_list":["post-10849","post","type-post","status-publish","format-standard","has-post-thumbnail","hentry","category-minuto-a-minuto","category-zona-gris","tag-coronavirus-oaxaca"],"jetpack_featured_media_url":"https:\/\/zonaroja.com.mx\/wp-content\/uploads\/2020\/04\/Coronavirus-Oax.png","jetpack_sharing_enabled":true,"_links":{"self":[{"href":"https:\/\/zonaroja.com.mx\/index.php?rest_route=\/wp\/v2\/posts\/10849","targetHints":{"allow":["GET"]}}],"collection":[{"href":"https:\/\/zonaroja.com.mx\/index.php?rest_route=\/wp\/v2\/posts"}],"about":[{"href":"https:\/\/zonaroja.com.mx\/index.php?rest_route=\/wp\/v2\/types\/post"}],"author":[{"embeddable":true,"href":"https:\/\/zonaroja.com.mx\/index.php?rest_route=\/wp\/v2\/users\/2"}],"replies":[{"embeddable":true,"href":"https:\/\/zonaroja.com.mx\/index.php?rest_route=%2Fwp%2Fv2%2Fcomments&post=10849"}],"version-history":[{"count":1,"href":"https:\/\/zonaroja.com.mx\/index.php?rest_route=\/wp\/v2\/posts\/10849\/revisions"}],"predecessor-version":[{"id":10850,"href":"https:\/\/zonaroja.com.mx\/index.php?rest_route=\/wp\/v2\/posts\/10849\/revisions\/10850"}],"wp:featuredmedia":[{"embeddable":true,"href":"https:\/\/zonaroja.com.mx\/index.php?rest_route=\/wp\/v2\/media\/10855"}],"wp:attachment":[{"href":"https:\/\/zonaroja.com.mx\/index.php?rest_route=%2Fwp%2Fv2%2Fmedia&parent=10849"}],"wp:term":[{"taxonomy":"category","embeddable":true,"href":"https:\/\/zonaroja.com.mx\/index.php?rest_route=%2Fwp%2Fv2%2Fcategories&post=10849"},{"taxonomy":"post_tag","embeddable":true,"href":"https:\/\/zonaroja.com.mx\/index.php?rest_route=%2Fwp%2Fv2%2Ftags&post=10849"}],"curies":[{"name":"wp","href":"https:\/\/api.w.org\/{rel}","templated":true}]}}