{"id":10851,"date":"2020-04-08T17:38:35","date_gmt":"2020-04-08T22:38:35","guid":{"rendered":"http:\/\/www.zonaroja.com.mx\/?p=10851"},"modified":"2020-04-08T17:38:37","modified_gmt":"2020-04-08T22:38:37","slug":"director-de-hospital-de-tuxtepec-pide-ayuda-para-insumos-de-proteccion","status":"publish","type":"post","link":"https:\/\/zonaroja.com.mx\/?p=10851","title":{"rendered":"Director de hospital de Tuxtepec pide ayuda para insumos de protecci\u00f3n"},"content":{"rendered":"\n<p>Yuridiana Sosa\/Zona Roja.<\/p>\n\n\n\n<p>San Juan Bautista Tuxtepec, Oax., 8 de\nabril de 2020.- Ante la falta de equipo de protecci\u00f3n m\u00e9dico para enfrentar la\ncontingencia por el Covid-19 en la regi\u00f3n de Cuenca, el director general del\nHospital Regional de Tuxtepec, Iv\u00e1n \u00c1valos Flores, solicit\u00f3 a la sociedad civil\nen general ayuda para dotarse de esos equipos.<\/p>\n\n\n\n<p>El m\u00e9dico realiz\u00f3 el llamado de auxilio\na trav\u00e9s de su cuenta de Facebook, donde precisa el tipo de insumos que\nrequiere el personal para atender sin mayores riesgos a los pacientes que\ningresen por coronavirus a ese nosocomio de los Servicios de Salud de Oaxaca\n(SSO).<\/p>\n\n\n\n<p>\u201cRecuerden, somos humanos, tenemos miedo\nde contagiarnos y contagiar a nuestras familias. Sin embargo, no renunciaremos\na nuestra vocaci\u00f3n, a nuestro juramento de proteger la salud aun estando en\nriesgo la propia\u201d, escribi\u00f3.<\/p>\n\n\n\n<p>\u00c1valos Flores precis\u00f3 que requieren donaciones de overoles impermeables reusable, gafas transparentes, caretas transparentes, cubreboca quir\u00fargico desechable tricapa, cubrebocas N95 o mascarillas reusables con filtros.<\/p>\n\n\n\n<figure class=\"wp-block-image\"><img decoding=\"async\" width=\"1024\" height=\"768\" src=\"http:\/\/www.zonaroja.com.mx\/wp-content\/uploads\/2020\/04\/Hospital-Tuxtepec-2-1024x768.jpg\" alt=\"\" class=\"wp-image-10853\" srcset=\"https:\/\/zonaroja.com.mx\/wp-content\/uploads\/2020\/04\/Hospital-Tuxtepec-2-1024x768.jpg 1024w, https:\/\/zonaroja.com.mx\/wp-content\/uploads\/2020\/04\/Hospital-Tuxtepec-2-300x225.jpg 300w, https:\/\/zonaroja.com.mx\/wp-content\/uploads\/2020\/04\/Hospital-Tuxtepec-2-768x576.jpg 768w, https:\/\/zonaroja.com.mx\/wp-content\/uploads\/2020\/04\/Hospital-Tuxtepec-2-1170x878.jpg 1170w, https:\/\/zonaroja.com.mx\/wp-content\/uploads\/2020\/04\/Hospital-Tuxtepec-2-585x439.jpg 585w, https:\/\/zonaroja.com.mx\/wp-content\/uploads\/2020\/04\/Hospital-Tuxtepec-2.jpg 1280w\" sizes=\"(max-width: 1024px) 100vw, 1024px\" \/><\/figure>\n\n\n\n<p>Adem\u00e1s, guante de l\u00e1tex desechable;\ngorro y guantes quir\u00fargicos desechables; bota quir\u00fargica desechable o botas\npl\u00e1sticas reusables blancas de diversos n\u00fameros.<\/p>\n\n\n\n<p>\u201cHago un llamado a conocidos, amigos,\nfundaciones, empresas, asociaciones, industria, a unirse a favor de nuestro Hospital\nGeneral de Tuxtepec, Oaxaca, en apoyo para nuestros m\u00e9dicos especialistas y\ngenerales, enfermeras y enfermeros, qu\u00edmicos, camilleros, administrativos,\nchoferes, cocineros, lavander\u00eda, personal de limpieza\u201d, cit\u00f3 el director del\n\u00fanico nosocomio de segundo nivel en la regi\u00f3n de la Cuenca.<\/p>\n\n\n\n<p>El m\u00e9dico alert\u00f3 que \u201csi el personal de\nsalud enferma, estaremos perdiendo la batalla contra el Covid-19, estaremos\nperdiendo la oportunidad de salvar m\u00e1s vidas\u201d.<\/p>\n\n\n\n<p>En tanto que al interior del nosocomio,\npersonal m\u00e9dico especializado, como son anestesi\u00f3logos, se organizan para\narmarse, aunque sea de forma rudimentaria, de equipos que los puedan proteger,\ncosteado por ellos mismos.<\/p>\n","protected":false},"excerpt":{"rendered":"<p>Yuridiana Sosa\/Zona Roja. San Juan Bautista Tuxtepec, Oax., 8 de abril de 2020.- Ante la&hellip;<\/p>\n","protected":false},"author":2,"featured_media":10852,"comment_status":"closed","ping_status":"open","sticky":false,"template":"","format":"standard","meta":{"_lmt_disableupdate":"","_lmt_disable":"","_jetpack_memberships_contains_paid_content":false,"footnotes":""},"categories":[109,47],"tags":[],"class_list":["post-10851","post","type-post","status-publish","format-standard","has-post-thumbnail","hentry","category-minuto-a-minuto","category-zona-gris"],"jetpack_featured_media_url":"https:\/\/zonaroja.com.mx\/wp-content\/uploads\/2020\/04\/Hospital-Tuxtepec-1.jpg","jetpack_sharing_enabled":true,"_links":{"self":[{"href":"https:\/\/zonaroja.com.mx\/index.php?rest_route=\/wp\/v2\/posts\/10851","targetHints":{"allow":["GET"]}}],"collection":[{"href":"https:\/\/zonaroja.com.mx\/index.php?rest_route=\/wp\/v2\/posts"}],"about":[{"href":"https:\/\/zonaroja.com.mx\/index.php?rest_route=\/wp\/v2\/types\/post"}],"author":[{"embeddable":true,"href":"https:\/\/zonaroja.com.mx\/index.php?rest_route=\/wp\/v2\/users\/2"}],"replies":[{"embeddable":true,"href":"https:\/\/zonaroja.com.mx\/index.php?rest_route=%2Fwp%2Fv2%2Fcomments&post=10851"}],"version-history":[{"count":1,"href":"https:\/\/zonaroja.com.mx\/index.php?rest_route=\/wp\/v2\/posts\/10851\/revisions"}],"predecessor-version":[{"id":10854,"href":"https:\/\/zonaroja.com.mx\/index.php?rest_route=\/wp\/v2\/posts\/10851\/revisions\/10854"}],"wp:featuredmedia":[{"embeddable":true,"href":"https:\/\/zonaroja.com.mx\/index.php?rest_route=\/wp\/v2\/media\/10852"}],"wp:attachment":[{"href":"https:\/\/zonaroja.com.mx\/index.php?rest_route=%2Fwp%2Fv2%2Fmedia&parent=10851"}],"wp:term":[{"taxonomy":"category","embeddable":true,"href":"https:\/\/zonaroja.com.mx\/index.php?rest_route=%2Fwp%2Fv2%2Fcategories&post=10851"},{"taxonomy":"post_tag","embeddable":true,"href":"https:\/\/zonaroja.com.mx\/index.php?rest_route=%2Fwp%2Fv2%2Ftags&post=10851"}],"curies":[{"name":"wp","href":"https:\/\/api.w.org\/{rel}","templated":true}]}}