{"id":10856,"date":"2020-04-08T20:36:35","date_gmt":"2020-04-09T01:36:35","guid":{"rendered":"http:\/\/www.zonaroja.com.mx\/?p=10856"},"modified":"2020-04-08T20:36:55","modified_gmt":"2020-04-09T01:36:55","slug":"posponen-audiencia-de-caso-maria-elena-porque-vera-carrizal-se-enfermo","status":"publish","type":"post","link":"https:\/\/zonaroja.com.mx\/?p=10856","title":{"rendered":"Posponen audiencia de caso Mar\u00eda Elena porque Vera Carrizal \u201cse enferm\u00f3\u201d"},"content":{"rendered":"\n<p>Yuridiana Sosa\/Zona Roja.<\/p>\n\n\n\n<p>Oaxaca de Ju\u00e1rez, Oax., 8 de abril de\n2020.- La audiencia de vinculaci\u00f3n a proceso contra Juan Antonio V. C.,\npresunto autor intelectual del ataque a la saxofonista Mar\u00eda Elena R\u00edos, se\npospuso este mi\u00e9rcoles, por segunda ocasi\u00f3n, debido a que la parte defensora\ndel inculpado justific\u00f3 un mal estado de salud.<\/p>\n\n\n\n<p>El acusado fue traslado del espacio donde\nse encuentra en prisi\u00f3n preventiva a una cl\u00ednica privada en Huajuapan de le\u00f3n,\nen la regi\u00f3n de la Mixteca, por presuntamente padecer dolor abdominal.<\/p>\n\n\n\n<p>\u201cConozco perfectamente a mi agresor,\ngoza de excelente salud\u201d, escribi\u00f3 Mar\u00eda Elena a trav\u00e9s de su cuenta de Twitter\nminutos despu\u00e9s de la suspensi\u00f3n de este acto.<\/p>\n\n\n\n<p>\u201cEstemos alertas y no dejemos que una\nestrategia basada en artima\u00f1as vulnere el camino hacia la justicia que tiene\npendiente conmigo y el pueblo de M\u00e9xico\u201d, sentenci\u00f3 la v\u00edctima, quien este\njueves cumple siete meses de padecer f\u00edsica y emocionalmente la agresi\u00f3n con\n\u00e1cida.<\/p>\n\n\n\n<p>Horas antes de la cita en el juzgado,\nprogramada para este mi\u00e9rcoles a las 18:00 horas, Mar\u00eda Elena tambi\u00e9n public\u00f3:\n\u201cEsperemos que la supuesta entrega de Juan Vera Carrizal a las autoridades no\nsea un show montado y una negociaci\u00f3n con la misma\u201d.<\/p>\n\n\n\n<p>Sobre la suspensi\u00f3n de la audiencia, el\npresidente de la Junta de Coordinaci\u00f3n Pol\u00edtica de la 64 Legislatura de Oaxaca,\nHoracio Sosa, indic\u00f3 al Tribunal Superior de Justicia de Oaxaca, al fiscal\ngeneral Ruben Vasconcelos M\u00e9ndez y al gobernador Alejandro Murat, que desde el\nCongreso se mantendr\u00e1n atentos a este caso.<\/p>\n\n\n\n<p>\u201c\u00a1La corrupci\u00f3n no puede estar por\nencima de la justicia!\u201d, sentenci\u00f3 esta tarde: previamente tambi\u00e9n manifest\u00f3 su\nexigencia de justicia para este caso, el cual se consider\u00f3 un precedente para\nque desde el congreso de tipificara el delito de agresiones con \u00e1cido.<\/p>\n\n\n\n<p>Por su parte, el activista social Flavio\nSosa cuestion\u00f3 el valor econ\u00f3mico de la justicia en Oaxaca:<\/p>\n\n\n\n<p>\u201cEn pr\u00f3ximas horas veremos de qu\u00e9 est\u00e1\nhecho el @tsjoaxaca, su presidente Eduardo Pinacho S\u00e1nchez y sus jueces. Un\njuzgado abordar\u00e1 el caso de la saxofonista Ma. Elena R\u00edos. Trasciende que ya\ncirculan d\u00f3lares para defender al criminal\u201d, coment\u00f3 minutos antes de la\naudiencia.<\/p>\n\n\n\n<p>En otra publicaci\u00f3n de Twitter pregunt\u00f3\n\u201c\u00bfEn Oaxaca la justicia tiene precio? Ma\u00f1ana empezaremos a verlo con claridad.\nEl @tsjoaxaca su presidente y sus jueces tendr\u00e1n encima todos los reflectores.\nLa sociedad exige castigo para quien orden\u00f3 el ataque con \u00e1cido contra Mar\u00eda\nElena R\u00edos y quienes lo ejecutaron\u201d.<\/p>\n\n\n\n<p>El juez de control autoriz\u00f3 la\nrealizaci\u00f3n de la audiencia para ma\u00f1ana a las 11:00 horas. La de este mi\u00e9rcoles\nestaba programada a las 18:00 horas.<\/p>\n","protected":false},"excerpt":{"rendered":"<p>Yuridiana Sosa\/Zona Roja. Oaxaca de Ju\u00e1rez, Oax., 8 de abril de 2020.- La audiencia de&hellip;<\/p>\n","protected":false},"author":2,"featured_media":10770,"comment_status":"closed","ping_status":"open","sticky":false,"template":"","format":"standard","meta":{"_lmt_disableupdate":"","_lmt_disable":"","_jetpack_memberships_contains_paid_content":false,"footnotes":""},"categories":[109,47],"tags":[1144,1124],"class_list":["post-10856","post","type-post","status-publish","format-standard","has-post-thumbnail","hentry","category-minuto-a-minuto","category-zona-gris","tag-juan-antonio-vera-carrizal","tag-maria-elena-rios-ortiz"],"jetpack_featured_media_url":"https:\/\/zonaroja.com.mx\/wp-content\/uploads\/2020\/04\/Juan-Antonio-Vera-c..jpg","jetpack_sharing_enabled":true,"_links":{"self":[{"href":"https:\/\/zonaroja.com.mx\/index.php?rest_route=\/wp\/v2\/posts\/10856","targetHints":{"allow":["GET"]}}],"collection":[{"href":"https:\/\/zonaroja.com.mx\/index.php?rest_route=\/wp\/v2\/posts"}],"about":[{"href":"https:\/\/zonaroja.com.mx\/index.php?rest_route=\/wp\/v2\/types\/post"}],"author":[{"embeddable":true,"href":"https:\/\/zonaroja.com.mx\/index.php?rest_route=\/wp\/v2\/users\/2"}],"replies":[{"embeddable":true,"href":"https:\/\/zonaroja.com.mx\/index.php?rest_route=%2Fwp%2Fv2%2Fcomments&post=10856"}],"version-history":[{"count":1,"href":"https:\/\/zonaroja.com.mx\/index.php?rest_route=\/wp\/v2\/posts\/10856\/revisions"}],"predecessor-version":[{"id":10857,"href":"https:\/\/zonaroja.com.mx\/index.php?rest_route=\/wp\/v2\/posts\/10856\/revisions\/10857"}],"wp:featuredmedia":[{"embeddable":true,"href":"https:\/\/zonaroja.com.mx\/index.php?rest_route=\/wp\/v2\/media\/10770"}],"wp:attachment":[{"href":"https:\/\/zonaroja.com.mx\/index.php?rest_route=%2Fwp%2Fv2%2Fmedia&parent=10856"}],"wp:term":[{"taxonomy":"category","embeddable":true,"href":"https:\/\/zonaroja.com.mx\/index.php?rest_route=%2Fwp%2Fv2%2Fcategories&post=10856"},{"taxonomy":"post_tag","embeddable":true,"href":"https:\/\/zonaroja.com.mx\/index.php?rest_route=%2Fwp%2Fv2%2Ftags&post=10856"}],"curies":[{"name":"wp","href":"https:\/\/api.w.org\/{rel}","templated":true}]}}