{"id":10862,"date":"2020-04-08T22:03:48","date_gmt":"2020-04-09T03:03:48","guid":{"rendered":"http:\/\/www.zonaroja.com.mx\/?p=10862"},"modified":"2020-04-09T13:52:20","modified_gmt":"2020-04-09T18:52:20","slug":"requiere-sso-300-mdp-para-coronavirus-aun-no-firma-convenio-con-insabi","status":"publish","type":"post","link":"https:\/\/zonaroja.com.mx\/?p=10862","title":{"rendered":"Requiere SSO 300 mdp para coronavirus; a\u00fan no firma convenio con Insabi"},"content":{"rendered":"\n<p>Redacci\u00f3n\/Zona Roja.<\/p>\n\n\n\n<p>Oaxaca de Ju\u00e1rez, Oax. 9 de abril de 2020.- Integrantes de la 64 Legislatura del Congreso local, hicieron observaciones al titular de la Secretar\u00eda de Salud de Oaxaca (Sso), Donato Casas Escamilla, acerca de la situaci\u00f3n que guardan las unidades m\u00e9dicas, la inversi\u00f3n p\u00fablica en salud, la infraestructura y el equipo m\u00e9dico necesario para atender la emergencia por el Coronavirus.<\/p>\n\n\n\n<p>Como invitado a la Sesi\u00f3n Permanente de la Comisi\u00f3n de Salud, realizada recientemente, el diputado Horacio Sosa Villavicencio, presidente de la Juntad de Coordinaci\u00f3n Pol\u00edtica, solicit\u00f3 al funcionario \u00a0informar sobre el presupuesto para atender esta emergencia sanitaria, as\u00ed como aclarar el tema del trabajador de la SSO, quien fue destituido, por una conducta indebida en el hospital del ISSSTE, \u201cPresidente Ju\u00e1rez\u201d, donde recib\u00eda atenci\u00f3n m\u00e9dica.<\/p>\n\n\n\n<p>El titular de la dependencia explic\u00f3, a los\nlegisladores que para esta contingencia se necesitan alrededor de 300 millones\nde pesos para hacer frente a la pandemia, seg\u00fan los pron\u00f3sticos con que cuenta\nel sector salud, respecto a la cantidad de infecciones, la parte hospitalaria y\nlos insumos necesarios.<\/p>\n\n\n\n<p>En cuanto al servidor p\u00fablico se\u00f1alado\npor actos no adecuados, sin revelar los datos personales, precis\u00f3 que se trata\nde un derechohabiente m\u00e1s del Instituto de Seguridad y Servicios Sociales para\nTrabajadores del Estado (Issste), quien ya fue separado de sus funciones al\ninterior de esta Secretar\u00eda y est\u00e1 sujeto a investigaci\u00f3n.<\/p>\n\n\n\n<p>Las diputadas Aleida Tonelly Serrano\nRosado y Migdalia Espinosa Manuel, le cuestionaron sobre el tipo de respuestas\nque la dependencia ha ofrecido frente a las demandas y requerimientos que\nrealizan trabajadores de salud, para garantizarles el debido desarrollo de sus\nfunciones m\u00e9dicas en esta emergencia.<\/p>\n\n\n\n<p>A esto, respondi\u00f3 que, para la\nSecretar\u00eda de Salud, es prioridad la protecci\u00f3n y cuidado de los m\u00e9dicos y\nenfermeras, al encontrarse en la primera l\u00ednea de batalla contra el Covid-19. <\/p>\n\n\n\n<p>Acept\u00f3 que no han cumplido con la\nvelocidad deseada porque hay escasez de insumos. Sin embargo, asever\u00f3 que cada\nhospital cuenta con equipo especializado de protecci\u00f3n, para atender la\nemergencia.<\/p>\n\n\n\n<p>Asimismo, inform\u00f3 a los congresistas,\nque Salud tiene una capacidad instalada, en la entidad de mil 600 camas. <\/p>\n\n\n\n<p>Adem\u00e1s, se cuenta con poco m\u00e1s de 500\nventiladores disponibles para todas las patolog\u00edas atendidas de manera\nrutinaria. <\/p>\n\n\n\n<p>Tambi\u00e9n, se dispone de 78 ventiladores\nlistos para dar respuesta a una primera oleada de pacientes infectados con\nCovid-19 para todos los hospitales de la entidad, seg\u00fan la capacidad instalada\nen cada uno.<\/p>\n\n\n\n<p>En su intervenci\u00f3n, el representante\npopular C\u00e9sar Enrique Morales Ni\u00f1o, pidi\u00f3 cuentas sobre la incorporaci\u00f3n del estado\nde Oaxaca al Instituto Nacional de Salud para el Bienestar (Insabi).<\/p>\n\n\n\n<p>Al respecto, Casas Escamilla explic\u00f3 que\nactualmente se revisan los anexos del convenio de incorporaci\u00f3n para estar\nlisto para firma. Pero asegur\u00f3 que Oaxaca ya est\u00e1 adherido al Insabi, incluso,\nya se recibieron 500 millones de pesos, que se ocupan en servicios subrogados,\npersonal y medicamento.<\/p>\n","protected":false},"excerpt":{"rendered":"<p>Redacci\u00f3n\/Zona Roja. Oaxaca de Ju\u00e1rez, Oax. 9 de abril de 2020.- Integrantes de la 64&hellip;<\/p>\n","protected":false},"author":2,"featured_media":10864,"comment_status":"closed","ping_status":"open","sticky":false,"template":"","format":"standard","meta":{"_lmt_disableupdate":"","_lmt_disable":"","_jetpack_memberships_contains_paid_content":false,"footnotes":""},"categories":[109,47],"tags":[1005],"class_list":["post-10862","post","type-post","status-publish","format-standard","has-post-thumbnail","hentry","category-minuto-a-minuto","category-zona-gris","tag-servicios-de-salud-de-oaxaca-sso"],"jetpack_featured_media_url":"https:\/\/zonaroja.com.mx\/wp-content\/uploads\/2020\/04\/FOTO-2.3-Secretario-de-Salud-de-Oaxaca-Donato-Casas-ante-Comisi\u00f3n-de-Salud-del-Congreso-local.jpg","jetpack_sharing_enabled":true,"_links":{"self":[{"href":"https:\/\/zonaroja.com.mx\/index.php?rest_route=\/wp\/v2\/posts\/10862","targetHints":{"allow":["GET"]}}],"collection":[{"href":"https:\/\/zonaroja.com.mx\/index.php?rest_route=\/wp\/v2\/posts"}],"about":[{"href":"https:\/\/zonaroja.com.mx\/index.php?rest_route=\/wp\/v2\/types\/post"}],"author":[{"embeddable":true,"href":"https:\/\/zonaroja.com.mx\/index.php?rest_route=\/wp\/v2\/users\/2"}],"replies":[{"embeddable":true,"href":"https:\/\/zonaroja.com.mx\/index.php?rest_route=%2Fwp%2Fv2%2Fcomments&post=10862"}],"version-history":[{"count":2,"href":"https:\/\/zonaroja.com.mx\/index.php?rest_route=\/wp\/v2\/posts\/10862\/revisions"}],"predecessor-version":[{"id":10889,"href":"https:\/\/zonaroja.com.mx\/index.php?rest_route=\/wp\/v2\/posts\/10862\/revisions\/10889"}],"wp:featuredmedia":[{"embeddable":true,"href":"https:\/\/zonaroja.com.mx\/index.php?rest_route=\/wp\/v2\/media\/10864"}],"wp:attachment":[{"href":"https:\/\/zonaroja.com.mx\/index.php?rest_route=%2Fwp%2Fv2%2Fmedia&parent=10862"}],"wp:term":[{"taxonomy":"category","embeddable":true,"href":"https:\/\/zonaroja.com.mx\/index.php?rest_route=%2Fwp%2Fv2%2Fcategories&post=10862"},{"taxonomy":"post_tag","embeddable":true,"href":"https:\/\/zonaroja.com.mx\/index.php?rest_route=%2Fwp%2Fv2%2Ftags&post=10862"}],"curies":[{"name":"wp","href":"https:\/\/api.w.org\/{rel}","templated":true}]}}